{"id":865,"date":"2023-11-23T11:03:35","date_gmt":"2023-11-23T14:03:35","guid":{"rendered":"https:\/\/diprotec.com.br\/blog\/?p=865"},"modified":"2024-02-07T17:03:17","modified_gmt":"2024-02-07T20:03:17","slug":"grauteamento-epoxi-para-equipamentos-com-altas-solicitacoes-mecanicas","status":"publish","type":"post","link":"https:\/\/diprotec.com.br\/blog\/grauteamento-epoxi-para-equipamentos-com-altas-solicitacoes-mecanicas\/","title":{"rendered":"Grauteamento Ep\u00f3xi para Equipamentos com Altas Solicita\u00e7\u00f5es Mec\u00e2nicas"},"content":{"rendered":"\n<p>Em Limeira, S\u00e3o Paulo, a Diprotec, juntamente com a construtora contratada, encarou um desafio de fixar de forma eficiente um picador de madeira, um equipamento que enfrenta intensos esfor\u00e7os mec\u00e2nicos e vibra\u00e7\u00f5es.<\/p>\n\n\n\n<p><\/p>\n\n\n\n<p>Para atender a essa necessidade espec\u00edfica, foi selecionado o graute ep\u00f3xi de alta fluidez e qualidade. Este material foi escolhido devido \u00e0 sua capacidade de preencher e fixar chumbadores e cal\u00e7os de forma eficaz, garantindo seguran\u00e7a e durabilidade mesmo sob condi\u00e7\u00f5es extremas de opera\u00e7\u00e3o.<\/p>\n\n\n\n<p><\/p>\n\n\n\n<p>A aplica\u00e7\u00e3o do graute envolveu um conjunto de procedimentos precisos para garantir a m\u00e1xima efici\u00eancia:<\/p>\n\n\n\n<ol class=\"wp-block-list\">\n<li><strong>Montagem e Veda\u00e7\u00e3o de F\u00f4rma de Madeira:<\/strong>&nbsp;Uma etapa cr\u00edtica para moldar o graute no formato exato necess\u00e1rio.<\/li>\n\n\n\n<li><strong>Preparo e Lan\u00e7amento do Graute:<\/strong>&nbsp;Utilizando uma betoneira localizada ao lado da base do equipamento, a mistura foi preparada conforme as especifica\u00e7\u00f5es t\u00e9cnicas, com um tempo de mistura rigoroso de 5 minutos por embalagem.<\/li>\n\n\n\n<li><strong>Lan\u00e7amento Eficiente:<\/strong>&nbsp;O graute foi lan\u00e7ado em um per\u00edodo de 30 minutos, garantindo uma aplica\u00e7\u00e3o homog\u00eanea e eficaz.<\/li>\n\n\n\n<li><strong>Tempo de Cura:<\/strong>&nbsp;Ap\u00f3s o lan\u00e7amento, o equipamento foi liberado em apenas 12 horas, demonstrando a rapidez e efici\u00eancia do produto.<\/li>\n<\/ol>\n\n\n\n<p>O uso do graute provou ser uma solu\u00e7\u00e3o eficaz, atendendo \u00e0s exig\u00eancias de um projeto desafiador. A equipe conseguiu garantir uma fixa\u00e7\u00e3o segura e duradoura para o picador de madeira, superando as expectativas em termos de resist\u00eancia a vibra\u00e7\u00f5es e esfor\u00e7os mec\u00e2nicos.<\/p>\n\n\n\n<p><\/p>\n\n\n\n<div class=\"wp-block-columns is-layout-flex wp-container-core-columns-is-layout-1 wp-block-columns-is-layout-flex\">\n<div class=\"wp-block-column is-layout-flow wp-block-column-is-layout-flow\">\n<figure class=\"wp-block-image size-full\"><img loading=\"lazy\" decoding=\"async\" width=\"349\" height=\"235\" src=\"https:\/\/diprotec.com.br\/blog\/wp-content\/uploads\/2023\/11\/01.jpg\" alt=\"\" class=\"wp-image-867\" srcset=\"https:\/\/diprotec.com.br\/blog\/wp-content\/uploads\/2023\/11\/01.jpg 349w, https:\/\/diprotec.com.br\/blog\/wp-content\/uploads\/2023\/11\/01-300x202.jpg 300w\" sizes=\"(max-width: 349px) 100vw, 349px\" \/><figcaption class=\"wp-element-caption\"><mark style=\"background-color:rgba(0, 0, 0, 0)\" class=\"has-inline-color has-cyan-bluish-gray-color\">Preparo da f\u00f4rma para grauteamento<\/mark><\/figcaption><\/figure>\n<\/div>\n\n\n\n<div class=\"wp-block-column is-layout-flow wp-block-column-is-layout-flow\">\n<figure class=\"wp-block-image size-full\"><img loading=\"lazy\" decoding=\"async\" width=\"350\" height=\"235\" src=\"https:\/\/diprotec.com.br\/blog\/wp-content\/uploads\/2023\/11\/02.jpg\" alt=\"\" class=\"wp-image-868\" srcset=\"https:\/\/diprotec.com.br\/blog\/wp-content\/uploads\/2023\/11\/02.jpg 350w, https:\/\/diprotec.com.br\/blog\/wp-content\/uploads\/2023\/11\/02-300x201.jpg 300w\" sizes=\"(max-width: 350px) 100vw, 350px\" \/><figcaption class=\"wp-element-caption\"><mark style=\"background-color:rgba(0, 0, 0, 0)\" class=\"has-inline-color has-cyan-bluish-gray-color\">Preenchimento da f\u00f4rma com o graute<\/mark><\/figcaption><\/figure>\n<\/div>\n\n\n\n<div class=\"wp-block-column is-layout-flow wp-block-column-is-layout-flow\">\n<figure class=\"wp-block-image size-full\"><img loading=\"lazy\" decoding=\"async\" width=\"347\" height=\"233\" src=\"https:\/\/diprotec.com.br\/blog\/wp-content\/uploads\/2023\/11\/03.jpg\" alt=\"\" class=\"wp-image-869\" srcset=\"https:\/\/diprotec.com.br\/blog\/wp-content\/uploads\/2023\/11\/03.jpg 347w, https:\/\/diprotec.com.br\/blog\/wp-content\/uploads\/2023\/11\/03-300x201.jpg 300w\" sizes=\"(max-width: 347px) 100vw, 347px\" \/><figcaption class=\"wp-element-caption\"><mark style=\"background-color:rgba(0, 0, 0, 0)\" class=\"has-inline-color has-cyan-bluish-gray-color\">Grauteamento dos chumbadores<\/mark><\/figcaption><\/figure>\n<\/div>\n<\/div>\n\n\n\n<div class=\"wp-block-columns is-layout-flex wp-container-core-columns-is-layout-2 wp-block-columns-is-layout-flex\">\n<div class=\"wp-block-column is-layout-flow wp-block-column-is-layout-flow\">\n<figure class=\"wp-block-image size-full\"><img loading=\"lazy\" decoding=\"async\" width=\"350\" height=\"235\" src=\"https:\/\/diprotec.com.br\/blog\/wp-content\/uploads\/2023\/11\/04.jpg\" alt=\"\" class=\"wp-image-870\" srcset=\"https:\/\/diprotec.com.br\/blog\/wp-content\/uploads\/2023\/11\/04.jpg 350w, https:\/\/diprotec.com.br\/blog\/wp-content\/uploads\/2023\/11\/04-300x201.jpg 300w\" sizes=\"(max-width: 350px) 100vw, 350px\" \/><figcaption class=\"wp-element-caption\"><mark style=\"background-color:rgba(0, 0, 0, 0)\" class=\"has-inline-color has-cyan-bluish-gray-color\">Preenchimento da base do equipamento<\/mark><\/figcaption><\/figure>\n<\/div>\n\n\n\n<div class=\"wp-block-column is-layout-flow wp-block-column-is-layout-flow\">\n<figure class=\"wp-block-image size-full\"><img loading=\"lazy\" decoding=\"async\" width=\"352\" height=\"233\" src=\"https:\/\/diprotec.com.br\/blog\/wp-content\/uploads\/2023\/11\/05.jpg\" alt=\"\" class=\"wp-image-871\" srcset=\"https:\/\/diprotec.com.br\/blog\/wp-content\/uploads\/2023\/11\/05.jpg 352w, https:\/\/diprotec.com.br\/blog\/wp-content\/uploads\/2023\/11\/05-300x199.jpg 300w\" sizes=\"(max-width: 352px) 100vw, 352px\" \/><figcaption class=\"wp-element-caption\"><mark style=\"background-color:rgba(0, 0, 0, 0)\" class=\"has-inline-color has-cyan-bluish-gray-color\">Acabamento e limpeza<\/mark><\/figcaption><\/figure>\n<\/div>\n\n\n\n<div class=\"wp-block-column is-layout-flow wp-block-column-is-layout-flow\">\n<figure class=\"wp-block-image size-full\"><img loading=\"lazy\" decoding=\"async\" width=\"352\" height=\"233\" src=\"https:\/\/diprotec.com.br\/blog\/wp-content\/uploads\/2023\/11\/06.jpg\" alt=\"\" class=\"wp-image-872\" srcset=\"https:\/\/diprotec.com.br\/blog\/wp-content\/uploads\/2023\/11\/06.jpg 352w, https:\/\/diprotec.com.br\/blog\/wp-content\/uploads\/2023\/11\/06-300x199.jpg 300w\" sizes=\"(max-width: 352px) 100vw, 352px\" \/><figcaption class=\"wp-element-caption\"><mark style=\"background-color:rgba(0, 0, 0, 0)\" class=\"has-inline-color has-cyan-bluish-gray-color\">Conclus\u00e3o do grauteamento<\/mark><\/figcaption><\/figure>\n<\/div>\n<\/div>\n\n\n\n<p>Tem mais algum passo que voc\u00ea n\u00e3o deixa de fazer? Comenta aqui ou&nbsp;<a rel=\"noreferrer noopener\" href=\"https:\/\/api.whatsapp.com\/send\/?phone=554133888670&amp;text&amp;type=phone_number&amp;app_absent=0\" target=\"_blank\">converse com um dos nossos consultores.<\/a><\/p>\n\n\n\n<p>Confira tamb\u00e9m, <a href=\"https:\/\/diprotec.com.br\/blog\/impermeabilizacao-telhado-de-concreto-protendido-com-sistema-flexotom-coberturas\/\" target=\"_blank\" rel=\"noreferrer noopener\">Impermeabiliza\u00e7\u00e3o de Telhado de Concreto Protendido com Sistema Flexotom Coberturas.<\/a><\/p>\n\n\n\n\t<div class=\"dkpdf-button-container\" style=\" text-align:right \">\n\n\t\t<a class=\"dkpdf-button\" href=\"\/blog\/wp-json\/wp\/v2\/posts\/865?pdf=865\" target=\"_blank\"><span class=\"dkpdf-button-icon\"><i class=\"fa fa-file-pdf-o\"><\/i><\/span> Fa\u00e7a o download em PDF<\/a>\n\n\t<\/div>\n\n\n\n\n\n","protected":false},"excerpt":{"rendered":"<p>Procurando por solu\u00e7\u00f5es eficazes em constru\u00e7\u00e3o civil?<br \/>\nEm nosso post no blog, exploramos um caso de fixa\u00e7\u00e3o de um picador de madeira em Limeira &#8211; SP, um equipamento submetido a intensas vibra\u00e7\u00f5es e esfor\u00e7os mec\u00e2nicos.<br \/>\nAprenda sobre os procedimentos detalhados e os resultados desta aplica\u00e7\u00e3o.<\/p>\n","protected":false},"author":1,"featured_media":866,"comment_status":"open","ping_status":"closed","sticky":false,"template":"","format":"standard","meta":{"footnotes":""},"categories":[70,2],"tags":[38,30,39,22,40,41],"class_list":["post-865","post","type-post","status-publish","format-standard","has-post-thumbnail","hentry","category-cases","category-colagens-fixacoes-grauteamento","tag-blog","tag-cases","tag-construcao-civil","tag-diprotec","tag-engenharia-civil","tag-obras"],"_links":{"self":[{"href":"https:\/\/diprotec.com.br\/blog\/wp-json\/wp\/v2\/posts\/865"}],"collection":[{"href":"https:\/\/diprotec.com.br\/blog\/wp-json\/wp\/v2\/posts"}],"about":[{"href":"https:\/\/diprotec.com.br\/blog\/wp-json\/wp\/v2\/types\/post"}],"author":[{"embeddable":true,"href":"https:\/\/diprotec.com.br\/blog\/wp-json\/wp\/v2\/users\/1"}],"replies":[{"embeddable":true,"href":"https:\/\/diprotec.com.br\/blog\/wp-json\/wp\/v2\/comments?post=865"}],"version-history":[{"count":2,"href":"https:\/\/diprotec.com.br\/blog\/wp-json\/wp\/v2\/posts\/865\/revisions"}],"predecessor-version":[{"id":1048,"href":"https:\/\/diprotec.com.br\/blog\/wp-json\/wp\/v2\/posts\/865\/revisions\/1048"}],"wp:featuredmedia":[{"embeddable":true,"href":"https:\/\/diprotec.com.br\/blog\/wp-json\/wp\/v2\/media\/866"}],"wp:attachment":[{"href":"https:\/\/diprotec.com.br\/blog\/wp-json\/wp\/v2\/media?parent=865"}],"wp:term":[{"taxonomy":"category","embeddable":true,"href":"https:\/\/diprotec.com.br\/blog\/wp-json\/wp\/v2\/categories?post=865"},{"taxonomy":"post_tag","embeddable":true,"href":"https:\/\/diprotec.com.br\/blog\/wp-json\/wp\/v2\/tags?post=865"}],"curies":[{"name":"wp","href":"https:\/\/api.w.org\/{rel}","templated":true}]}}