{"id":796,"date":"2023-10-05T09:59:04","date_gmt":"2023-10-05T12:59:04","guid":{"rendered":"https:\/\/diprotec.com.br\/blog\/?p=796"},"modified":"2023-10-05T09:59:04","modified_gmt":"2023-10-05T12:59:04","slug":"case-cura-de-concreto-no-complexo-esportivo","status":"publish","type":"post","link":"https:\/\/diprotec.com.br\/blog\/case-cura-de-concreto-no-complexo-esportivo\/","title":{"rendered":"Case:\u00a0Cura de Concreto no Complexo Esportivo"},"content":{"rendered":"\n<p>A aten\u00e7\u00e3o aos detalhes \u00e9 essencial para a durabilidade e o desempenho de qualquer estrutura. Um lugar onde essa precis\u00e3o \u00e9 mais vital do que nunca \u00e9 o complexo esportivo de um aut\u00f3dromo, um local que recebe n\u00e3o apenas uma grande quantidade de tr\u00e1fego, mas tamb\u00e9m um n\u00edvel intenso de estresse mec\u00e2nico.<\/p>\n\n\n\n<p>No entanto, um dos segredos por tr\u00e1s da sua longevidade e desempenho excepcionais reside em um processo muitas vezes negligenciado, mas fundamental: a cura adequada do concreto.<\/p>\n\n\n\n<p>Exploramos como a cura adequada desempenhou um papel crucial no sucesso do Complexo Esportivo do Aut\u00f3dromo.<\/p>\n\n\n\n<p><\/p>\n\n\n\n<p>No ano de 2006, foram iniciadas as obras de constru\u00e7\u00e3o do Complexo Esportivo do Aut\u00f3dromo de Jacarepagu\u00e1. O prazo de execu\u00e7\u00e3o foi de sete meses, com a conclus\u00e3o em junho de 2007.<\/p>\n\n\n\n<p>Foram dispostos 200 oper\u00e1rios para a execu\u00e7\u00e3o dos servi\u00e7os, com acompanhamento di\u00e1rio de profissionais especializados, como: engenheiros, arquitetos e t\u00e9cnicos.<\/p>\n\n\n\n<p>O projeto foi desenvolvido pela Secretaria Especial Rio 2007, em parceria com a RioUrbe.<\/p>\n\n\n\n<p><\/p>\n\n\n\n<p><strong>\u00c1rea executada:<\/strong><\/p>\n\n\n\n<p>Capacidade: 1.500 espectadores;<br>\u00c1rea de constru\u00e7\u00e3o: 11.431 m\u00b2;<br>Comprimento m\u00e9dio da pista: 250m;<br>Quantidade: 5.040 m2 de Bidim CC10;<br>Data de execu\u00e7\u00e3o: dezembro de 2006 a abril de 2007;<br>Propriet\u00e1rio: Prefeitura da Cidade do Rio de Janeiro;<br>Projetista: Secretaria Especial Rio 2007 em parceria com RioUrbe;<\/p>\n\n\n\n<p><\/p>\n\n\n\n<p><strong>Problema:<\/strong><\/p>\n\n\n\n<p>Para que o concreto apresente adequada resist\u00eancia \u00e0 compress\u00e3o, ele necessita por vezes de \u201ccura \u00famida\u201d, em que o cimento \u00e9 progressivamente hidratado para possibilitar a ocorr\u00eancia das rea\u00e7\u00f5es qu\u00edmicas.<\/p>\n\n\n\n<p><\/p>\n\n\n\n<p><strong>Solu\u00e7\u00e3o:<\/strong><\/p>\n\n\n\n<p>Emprego de uma camada de <a href=\"https:\/\/www.diprotecgeo.com.br\/\" target=\"_blank\" rel=\"noreferrer noopener\">geot\u00eaxtil Bidim<\/a> saturado de \u00e1gua. Neste caso o geot\u00eaxtil ret\u00e9m a \u00e1gua nos vazios capilares, impedindo a sua evapora\u00e7\u00e3o, por\u00e9m cedendo progressivamente a \u00e1gua necess\u00e1ria \u00e0 cura do concreto.<\/p>\n\n\n\n<p><\/p>\n\n\n\n<p><strong>Vantagens:<\/strong><\/p>\n\n\n\n<p>Redu\u00e7\u00e3o da frequ\u00eancia de molhagem da superf\u00edcie do concreto e ainda assim, garantindo a cess\u00e3o progressiva da quantidade de \u00e1gua necess\u00e1ria \u00e0 hidrata\u00e7\u00e3o do cimento.<\/p>\n\n\n\n<p><\/p>\n\n\n\n<p><strong>Procedimentos:<\/strong><\/p>\n\n\n\n<p>O sistema de cura de concreto teve a utiliza\u00e7\u00e3o de Geot\u00eaxtil n\u00e3o tecido agulhado em poli\u00e9ster Bidim CC10 com filme de polietileno, executados em uma \u00fanica camada saturada de \u00e1gua.<\/p>\n\n\n\n<p>Neste caso o Bidim garantiu a cess\u00e3o progressiva da quantidade de \u00e1gua necess\u00e1ria a hidrata\u00e7\u00e3o do concreto. A grande vantagem do Bidim \u00e9 a redu\u00e7\u00e3o de frequ\u00eancia do<br>servi\u00e7o de molhar constantemente o concreto, podendo ser reutilizado entre 3 e 4 vezes.<\/p>\n\n\n\n<div class=\"wp-block-columns is-layout-flex wp-container-core-columns-is-layout-1 wp-block-columns-is-layout-flex\">\n<div class=\"wp-block-column is-layout-flow wp-block-column-is-layout-flow\">\n<figure class=\"wp-block-image size-full\"><img loading=\"lazy\" decoding=\"async\" width=\"601\" height=\"451\" src=\"https:\/\/diprotec.com.br\/blog\/wp-content\/uploads\/2023\/10\/01_Inicio-dos-servicos-de-instalacao-da-manta.jpeg\" alt=\"\" class=\"wp-image-798\" srcset=\"https:\/\/diprotec.com.br\/blog\/wp-content\/uploads\/2023\/10\/01_Inicio-dos-servicos-de-instalacao-da-manta.jpeg 601w, https:\/\/diprotec.com.br\/blog\/wp-content\/uploads\/2023\/10\/01_Inicio-dos-servicos-de-instalacao-da-manta-300x225.jpeg 300w\" sizes=\"(max-width: 601px) 100vw, 601px\" \/><figcaption class=\"wp-element-caption\"><mark style=\"background-color:rgba(0, 0, 0, 0)\" class=\"has-inline-color has-black-color\">In\u00edcio da instala\u00e7\u00e3o do Bidim CC10 nas funda\u00e7\u00f5es<\/mark><\/figcaption><\/figure>\n<\/div>\n\n\n\n<div class=\"wp-block-column is-layout-flow wp-block-column-is-layout-flow\">\n<figure class=\"wp-block-image size-full\"><img loading=\"lazy\" decoding=\"async\" width=\"601\" height=\"452\" src=\"https:\/\/diprotec.com.br\/blog\/wp-content\/uploads\/2023\/10\/02_Detalhe-da-instalacao-do-Bidim-CC10.jpeg\" alt=\"\" class=\"wp-image-799\" srcset=\"https:\/\/diprotec.com.br\/blog\/wp-content\/uploads\/2023\/10\/02_Detalhe-da-instalacao-do-Bidim-CC10.jpeg 601w, https:\/\/diprotec.com.br\/blog\/wp-content\/uploads\/2023\/10\/02_Detalhe-da-instalacao-do-Bidim-CC10-300x226.jpeg 300w\" sizes=\"(max-width: 601px) 100vw, 601px\" \/><figcaption class=\"wp-element-caption\"><mark style=\"background-color:rgba(0, 0, 0, 0)\" class=\"has-inline-color has-black-color\">Instala\u00e7\u00e3o Bidim CC10<\/mark><\/figcaption><\/figure>\n<\/div>\n\n\n\n<div class=\"wp-block-column is-layout-flow wp-block-column-is-layout-flow\">\n<figure class=\"wp-block-image size-full\"><img loading=\"lazy\" decoding=\"async\" width=\"601\" height=\"449\" src=\"https:\/\/diprotec.com.br\/blog\/wp-content\/uploads\/2023\/10\/03_Detalhe-da-eficiencia-da-cura-de-concreto-da.jpeg\" alt=\"\" class=\"wp-image-800\" srcset=\"https:\/\/diprotec.com.br\/blog\/wp-content\/uploads\/2023\/10\/03_Detalhe-da-eficiencia-da-cura-de-concreto-da.jpeg 601w, https:\/\/diprotec.com.br\/blog\/wp-content\/uploads\/2023\/10\/03_Detalhe-da-eficiencia-da-cura-de-concreto-da-300x224.jpeg 300w\" sizes=\"(max-width: 601px) 100vw, 601px\" \/><figcaption class=\"wp-element-caption\"><mark style=\"background-color:rgba(0, 0, 0, 0)\" class=\"has-inline-color has-black-color\">Cura do concreto da \u00e1rea molhada<\/mark><\/figcaption><\/figure>\n<\/div>\n<\/div>\n\n\n\n<div class=\"wp-block-columns is-layout-flex wp-container-core-columns-is-layout-2 wp-block-columns-is-layout-flex\">\n<div class=\"wp-block-column is-layout-flow wp-block-column-is-layout-flow\">\n<figure class=\"wp-block-image size-full\"><img loading=\"lazy\" decoding=\"async\" width=\"600\" height=\"453\" src=\"https:\/\/diprotec.com.br\/blog\/wp-content\/uploads\/2023\/10\/03_Vista-geral-da-estrutura-de-construcao.jpeg\" alt=\"\" class=\"wp-image-801\" srcset=\"https:\/\/diprotec.com.br\/blog\/wp-content\/uploads\/2023\/10\/03_Vista-geral-da-estrutura-de-construcao.jpeg 600w, https:\/\/diprotec.com.br\/blog\/wp-content\/uploads\/2023\/10\/03_Vista-geral-da-estrutura-de-construcao-300x227.jpeg 300w\" sizes=\"(max-width: 600px) 100vw, 600px\" \/><figcaption class=\"wp-element-caption\"><mark style=\"background-color:rgba(0, 0, 0, 0)\" class=\"has-inline-color has-black-color\">Vista geral da estrutura da obra<\/mark><\/figcaption><\/figure>\n<\/div>\n\n\n\n<div class=\"wp-block-column is-layout-flow wp-block-column-is-layout-flow\">\n<figure class=\"wp-block-image size-full\"><img loading=\"lazy\" decoding=\"async\" width=\"604\" height=\"452\" src=\"https:\/\/diprotec.com.br\/blog\/wp-content\/uploads\/2023\/10\/04_Instalacao-do-Bidim-CC10-nas-colunas-de.jpeg\" alt=\"\" class=\"wp-image-802\" srcset=\"https:\/\/diprotec.com.br\/blog\/wp-content\/uploads\/2023\/10\/04_Instalacao-do-Bidim-CC10-nas-colunas-de.jpeg 604w, https:\/\/diprotec.com.br\/blog\/wp-content\/uploads\/2023\/10\/04_Instalacao-do-Bidim-CC10-nas-colunas-de-300x225.jpeg 300w\" sizes=\"(max-width: 604px) 100vw, 604px\" \/><figcaption class=\"wp-element-caption\"><mark style=\"background-color:rgba(0, 0, 0, 0)\" class=\"has-inline-color has-black-color\">Instala\u00e7\u00e3o do Bidim CC10 nas colunas de sustenta\u00e7\u00e3o da estrutura met\u00e1lica de cobertura<\/mark><\/figcaption><\/figure>\n<\/div>\n\n\n\n<div class=\"wp-block-column is-layout-flow wp-block-column-is-layout-flow\">\n<figure class=\"wp-block-image size-full\"><img loading=\"lazy\" decoding=\"async\" width=\"599\" height=\"450\" src=\"https:\/\/diprotec.com.br\/blog\/wp-content\/uploads\/2023\/10\/06_Lancamento-e-instalacao-do-Bidim.jpeg\" alt=\"\" class=\"wp-image-803\" srcset=\"https:\/\/diprotec.com.br\/blog\/wp-content\/uploads\/2023\/10\/06_Lancamento-e-instalacao-do-Bidim.jpeg 599w, https:\/\/diprotec.com.br\/blog\/wp-content\/uploads\/2023\/10\/06_Lancamento-e-instalacao-do-Bidim-300x225.jpeg 300w\" sizes=\"(max-width: 599px) 100vw, 599px\" \/><figcaption class=\"wp-element-caption\"><mark style=\"background-color:rgba(0, 0, 0, 0)\" class=\"has-inline-color has-black-color\">Instala\u00e7\u00e3o do Bidim CC100 na pista da obra<\/mark><\/figcaption><\/figure>\n<\/div>\n<\/div>\n\n\n\n<div class=\"wp-block-columns is-layout-flex wp-container-core-columns-is-layout-3 wp-block-columns-is-layout-flex\">\n<div class=\"wp-block-column is-layout-flow wp-block-column-is-layout-flow\">\n<figure class=\"wp-block-image size-full\"><img loading=\"lazy\" decoding=\"async\" width=\"600\" height=\"454\" src=\"https:\/\/diprotec.com.br\/blog\/wp-content\/uploads\/2023\/10\/07_Lancamento-e-instalacao-do-Bidim-CC10-na.jpeg\" alt=\"\" class=\"wp-image-804\" srcset=\"https:\/\/diprotec.com.br\/blog\/wp-content\/uploads\/2023\/10\/07_Lancamento-e-instalacao-do-Bidim-CC10-na.jpeg 600w, https:\/\/diprotec.com.br\/blog\/wp-content\/uploads\/2023\/10\/07_Lancamento-e-instalacao-do-Bidim-CC10-na-300x227.jpeg 300w\" sizes=\"(max-width: 600px) 100vw, 600px\" \/><figcaption class=\"wp-element-caption\"><mark style=\"background-color:rgba(0, 0, 0, 0)\" class=\"has-inline-color has-black-color\">Instala\u00e7\u00e3o do Bidim CC10 na pista da obra<\/mark><\/figcaption><\/figure>\n<\/div>\n\n\n\n<div class=\"wp-block-column is-layout-flow wp-block-column-is-layout-flow\">\n<figure class=\"wp-block-image size-full\"><img loading=\"lazy\" decoding=\"async\" width=\"597\" height=\"450\" src=\"https:\/\/diprotec.com.br\/blog\/wp-content\/uploads\/2023\/10\/09_Inicio-da-colocacao-do-Bidim-CC10-nos.jpeg\" alt=\"\" class=\"wp-image-805\" srcset=\"https:\/\/diprotec.com.br\/blog\/wp-content\/uploads\/2023\/10\/09_Inicio-da-colocacao-do-Bidim-CC10-nos.jpeg 597w, https:\/\/diprotec.com.br\/blog\/wp-content\/uploads\/2023\/10\/09_Inicio-da-colocacao-do-Bidim-CC10-nos-300x226.jpeg 300w\" sizes=\"(max-width: 597px) 100vw, 597px\" \/><figcaption class=\"wp-element-caption\"><mark style=\"background-color:rgba(0, 0, 0, 0)\" class=\"has-inline-color has-black-color\">Instala\u00e7\u00e3o do Bidim CC10 nos pilares de funda\u00e7\u00e3o da estrutura da obra<\/mark><\/figcaption><\/figure>\n<\/div>\n\n\n\n<div class=\"wp-block-column is-layout-flow wp-block-column-is-layout-flow\">\n<figure class=\"wp-block-image size-full\"><img loading=\"lazy\" decoding=\"async\" width=\"601\" height=\"452\" src=\"https:\/\/diprotec.com.br\/blog\/wp-content\/uploads\/2023\/10\/10_Vista-aerea-do-Complexo-Esportivo-do.jpeg\" alt=\"\" class=\"wp-image-806\" srcset=\"https:\/\/diprotec.com.br\/blog\/wp-content\/uploads\/2023\/10\/10_Vista-aerea-do-Complexo-Esportivo-do.jpeg 601w, https:\/\/diprotec.com.br\/blog\/wp-content\/uploads\/2023\/10\/10_Vista-aerea-do-Complexo-Esportivo-do-300x226.jpeg 300w\" sizes=\"(max-width: 601px) 100vw, 601px\" \/><figcaption class=\"wp-element-caption\"><mark style=\"background-color:rgba(0, 0, 0, 0)\" class=\"has-inline-color has-black-color\">Vista a\u00e9rea do complexo esportivo<\/mark><\/figcaption><\/figure>\n<\/div>\n<\/div>\n\n\n\n<p>Tem mais algum passo que voc\u00ea n\u00e3o deixa de fazer? Comenta aqui ou&nbsp;<a rel=\"noreferrer noopener\" href=\"https:\/\/api.whatsapp.com\/send\/?phone=554133888670&amp;text&amp;type=phone_number&amp;app_absent=0\" target=\"_blank\">converse com um dos nossos consultores.<\/a><\/p>\n\n\n\n<p>Confira tamb\u00e9m, <a href=\"https:\/\/diprotec.com.br\/blog\/case-impermeabilizacao-e-revitalizacao-de-fachadas-em-condominio-comercial-em-araras-sp\/\" target=\"_blank\" rel=\"noreferrer noopener\">Case: Impermeabiliza\u00e7\u00e3o e Revitaliza\u00e7\u00e3o de Fachadas em Condom\u00ednio Comercial em Araras &#8211; SP<\/a><\/p>\n\n\n\n\t<div class=\"dkpdf-button-container\" style=\" text-align:right \">\n\n\t\t<a class=\"dkpdf-button\" href=\"\/blog\/wp-json\/wp\/v2\/posts\/796?pdf=796\" target=\"_blank\"><span class=\"dkpdf-button-icon\"><i class=\"fa fa-file-pdf-o\"><\/i><\/span> Fa\u00e7a o download em PDF<\/a>\n\n\t<\/div>\n\n\n\n\n\n","protected":false},"excerpt":{"rendered":"<p>Descubra os segredos por tr\u00e1s da durabilidade e do desempenho excepcional de um complexo esportivo de um aut\u00f3dromo. <\/p>\n","protected":false},"author":1,"featured_media":797,"comment_status":"open","ping_status":"closed","sticky":false,"template":"","format":"standard","meta":{"footnotes":""},"categories":[70],"tags":[18,30,39,22,40,41],"class_list":["post-796","post","type-post","status-publish","format-standard","has-post-thumbnail","hentry","category-cases","tag-bidim","tag-cases","tag-construcao-civil","tag-diprotec","tag-engenharia-civil","tag-obras"],"_links":{"self":[{"href":"https:\/\/diprotec.com.br\/blog\/wp-json\/wp\/v2\/posts\/796"}],"collection":[{"href":"https:\/\/diprotec.com.br\/blog\/wp-json\/wp\/v2\/posts"}],"about":[{"href":"https:\/\/diprotec.com.br\/blog\/wp-json\/wp\/v2\/types\/post"}],"author":[{"embeddable":true,"href":"https:\/\/diprotec.com.br\/blog\/wp-json\/wp\/v2\/users\/1"}],"replies":[{"embeddable":true,"href":"https:\/\/diprotec.com.br\/blog\/wp-json\/wp\/v2\/comments?post=796"}],"version-history":[{"count":1,"href":"https:\/\/diprotec.com.br\/blog\/wp-json\/wp\/v2\/posts\/796\/revisions"}],"predecessor-version":[{"id":807,"href":"https:\/\/diprotec.com.br\/blog\/wp-json\/wp\/v2\/posts\/796\/revisions\/807"}],"wp:featuredmedia":[{"embeddable":true,"href":"https:\/\/diprotec.com.br\/blog\/wp-json\/wp\/v2\/media\/797"}],"wp:attachment":[{"href":"https:\/\/diprotec.com.br\/blog\/wp-json\/wp\/v2\/media?parent=796"}],"wp:term":[{"taxonomy":"category","embeddable":true,"href":"https:\/\/diprotec.com.br\/blog\/wp-json\/wp\/v2\/categories?post=796"},{"taxonomy":"post_tag","embeddable":true,"href":"https:\/\/diprotec.com.br\/blog\/wp-json\/wp\/v2\/tags?post=796"}],"curies":[{"name":"wp","href":"https:\/\/api.w.org\/{rel}","templated":true}]}}