{"id":764,"date":"2023-09-13T17:14:15","date_gmt":"2023-09-13T20:14:15","guid":{"rendered":"https:\/\/diprotec.com.br\/blog\/?p=764"},"modified":"2024-02-07T17:16:16","modified_gmt":"2024-02-07T20:16:16","slug":"confiabilidade-e-alta-performance-no-combate-as-goteiras","status":"publish","type":"post","link":"https:\/\/diprotec.com.br\/blog\/confiabilidade-e-alta-performance-no-combate-as-goteiras\/","title":{"rendered":"Confiabilidade e alta performance no combate \u00e0s goteiras"},"content":{"rendered":"\n<p>Conhe\u00e7a uma subcobertura que elimina quaisquer riscos de goteiras em seu<\/p>\n\n\n\n<p>projeto, tanto de constru\u00e7\u00e3o nova quanto de reforma.<\/p>\n\n\n\n<p>As \u00e1guas das chuvas muitas vezes penetram pelo telhado possibilitando o aparecimento de goteiras dentro de um ambiente. V\u00e1rios fatores podem contribuir para o surgimento dessas goteiras, como a a\u00e7\u00e3o dos ventos, o deslocamento e\/ou a quebra de telhas ou imperfei\u00e7\u00f5es na execu\u00e7\u00e3o do projeto do telhado.<\/p>\n\n\n\n<p>Por isso, \u00e9 utilizado uma fibra de flashpun, um polietileno de alta densidade e material sint\u00e9tico, uma subcobertura que elimina quaisquer riscos de goteiras em seu projeto, tanto de constru\u00e7\u00e3o nova quanto de reforma. \u00c9 instalado sob a cobertura principal, de telhas, entre o madeiramento, evitando a passagem da \u00e1gua das chuvas para dentro da constru\u00e7\u00e3o.<\/p>\n\n\n\n<p><strong>Sistema inteligente, ambiente mais saud\u00e1vel<\/strong><\/p>\n\n\n\n<p>\u00c9 quando a \u00e1gua das chuvas que atinge a fibra \u00e9 totalmente escoada. E, gra\u00e7as a uma trama microporosa, \u00e9 permitido que o telhado respire, ou seja, o vapor de \u00e1gua gerado dentro da constru\u00e7\u00e3o passa livremente, evitando a condensa\u00e7\u00e3o no telhado e a forma\u00e7\u00e3o de mofo ou bolor interno.<\/p>\n\n\n\n<p>Tamb\u00e9m por esse motivo, a fibra colabora no prolongamento da vida \u00fatil da estrutura do telhado, porque evita o ac\u00famulo de umidade ao longo do tempo. Al\u00e9m disso, barra a passagem de p\u00f3.<\/p>\n\n\n\n<p>Produzida em polietileno de alta densidade, n\u00e3o agride o meio ambiente. \u00c9 100% recicl\u00e1vel e n\u00e3o utiliza nenhum tipo de aditivo em sua composi\u00e7\u00e3o.<\/p>\n\n\n\n<p><strong>Versatilidade: adapta\u00e7\u00e3o a qualquer projeto.<\/strong><br>Pode ser utilizada com qualquer tipo de telha (cer\u00e2mica, fibro-cimento, met\u00e1lica, ard\u00f3sia, entre outras), tanto em reformas quanto em constru\u00e7\u00f5es novas.<br>Altamente dur\u00e1vel, \u00e9 muito resistente \u00e0s intemp\u00e9ries, aos rasgos e aos furos.<\/p>\n\n\n\n<div class=\"wp-block-columns is-layout-flex wp-container-core-columns-is-layout-1 wp-block-columns-is-layout-flex\">\n<div class=\"wp-block-column is-layout-flow wp-block-column-is-layout-flow\" style=\"flex-basis:100%\">\n<figure class=\"wp-block-image size-full\"><img loading=\"lazy\" decoding=\"async\" width=\"432\" height=\"620\" src=\"https:\/\/diprotec.com.br\/blog\/wp-content\/uploads\/2023\/09\/imagem_sem-marca.jpg\" alt=\"\" class=\"wp-image-766\" srcset=\"https:\/\/diprotec.com.br\/blog\/wp-content\/uploads\/2023\/09\/imagem_sem-marca.jpg 432w, https:\/\/diprotec.com.br\/blog\/wp-content\/uploads\/2023\/09\/imagem_sem-marca-209x300.jpg 209w\" sizes=\"(max-width: 432px) 100vw, 432px\" \/><\/figure>\n<\/div>\n<\/div>\n\n\n\n<p>Tem mais algum passo que voc\u00ea n\u00e3o deixa de fazer? Comenta aqui ou&nbsp;<a rel=\"noreferrer noopener\" href=\"https:\/\/api.whatsapp.com\/send\/?phone=554133888670&amp;text&amp;type=phone_number&amp;app_absent=0\" target=\"_blank\">converse com um dos nossos consultores.<\/a><\/p>\n\n\n\n<p>Confira tamb\u00e9m: <a href=\"https:\/\/diprotec.com.br\/blog\/concretagem-submersa-para-vedacao-de-comporta\/\">Concretagem Submersa para Veda\u00e7\u00e3o de Comporta.<\/a><\/p>\n\n\n\n\t<div class=\"dkpdf-button-container\" style=\" text-align:right \">\n\n\t\t<a class=\"dkpdf-button\" href=\"\/blog\/wp-json\/wp\/v2\/posts\/764?pdf=764\" target=\"_blank\"><span class=\"dkpdf-button-icon\"><i class=\"fa fa-file-pdf-o\"><\/i><\/span> Fa\u00e7a o download em PDF<\/a>\n\n\t<\/div>\n\n\n\n\n\n","protected":false},"excerpt":{"rendered":"<p>Conhe\u00e7a uma subcobertura que elimina quaisquer riscos de goteiras em seu projeto, tanto de constru\u00e7\u00e3o nova quanto de reforma. As \u00e1guas das chuvas muitas vezes penetram pelo telhado possibilitando o aparecimento de goteiras dentro de um ambiente. V\u00e1rios fatores podem contribuir para o surgimento dessas goteiras, como a a\u00e7\u00e3o dos ventos, o deslocamento e\/ou a [&hellip;]<\/p>\n","protected":false},"author":1,"featured_media":765,"comment_status":"open","ping_status":"closed","sticky":false,"template":"","format":"standard","meta":{"footnotes":""},"categories":[9],"tags":[39,22,40,103,41],"class_list":["post-764","post","type-post","status-publish","format-standard","has-post-thumbnail","hentry","category-impermeabilizacoes","tag-construcao-civil","tag-diprotec","tag-engenharia-civil","tag-goteiras","tag-obras"],"_links":{"self":[{"href":"https:\/\/diprotec.com.br\/blog\/wp-json\/wp\/v2\/posts\/764"}],"collection":[{"href":"https:\/\/diprotec.com.br\/blog\/wp-json\/wp\/v2\/posts"}],"about":[{"href":"https:\/\/diprotec.com.br\/blog\/wp-json\/wp\/v2\/types\/post"}],"author":[{"embeddable":true,"href":"https:\/\/diprotec.com.br\/blog\/wp-json\/wp\/v2\/users\/1"}],"replies":[{"embeddable":true,"href":"https:\/\/diprotec.com.br\/blog\/wp-json\/wp\/v2\/comments?post=764"}],"version-history":[{"count":2,"href":"https:\/\/diprotec.com.br\/blog\/wp-json\/wp\/v2\/posts\/764\/revisions"}],"predecessor-version":[{"id":1057,"href":"https:\/\/diprotec.com.br\/blog\/wp-json\/wp\/v2\/posts\/764\/revisions\/1057"}],"wp:featuredmedia":[{"embeddable":true,"href":"https:\/\/diprotec.com.br\/blog\/wp-json\/wp\/v2\/media\/765"}],"wp:attachment":[{"href":"https:\/\/diprotec.com.br\/blog\/wp-json\/wp\/v2\/media?parent=764"}],"wp:term":[{"taxonomy":"category","embeddable":true,"href":"https:\/\/diprotec.com.br\/blog\/wp-json\/wp\/v2\/categories?post=764"},{"taxonomy":"post_tag","embeddable":true,"href":"https:\/\/diprotec.com.br\/blog\/wp-json\/wp\/v2\/tags?post=764"}],"curies":[{"name":"wp","href":"https:\/\/api.w.org\/{rel}","templated":true}]}}