{"id":547,"date":"2023-03-03T15:17:14","date_gmt":"2023-03-03T18:17:14","guid":{"rendered":"https:\/\/diprotec.com.br\/blog\/?p=547"},"modified":"2024-02-07T17:21:46","modified_gmt":"2024-02-07T20:21:46","slug":"piso-vinilico-no-teto-o-que-voce-precisa-saber-e-como-fazer","status":"publish","type":"post","link":"https:\/\/diprotec.com.br\/blog\/piso-vinilico-no-teto-o-que-voce-precisa-saber-e-como-fazer\/","title":{"rendered":"Piso vin\u00edlico no teto: o que voc\u00ea precisa saber e como fazer?"},"content":{"rendered":"\n<p>O vin\u00edlico re\u00fane mais benef\u00edcios que outros tipos de revestimentos em ambientes internos, como o laminado ou a cer\u00e2mica e o porcelanato, destacando-se sobretudo pelo conforto t\u00e9rmico, ac\u00fastico e praticidade de manuten\u00e7\u00e3o.<\/p>\n\n\n\n<p>No teto, essas vantagens n\u00e3o s\u00f3 permanecem como tamb\u00e9m s\u00e3o potencializadas pelo fato do vin\u00edlico ser leve, r\u00e1pido de instalar e que ainda proporciona uma ampla variedade de cores e texturas como alternativa ao tradicional acabamento com pintura.<\/p>\n\n\n\n<p><strong>Mas afinal, posso mesmo instalar o piso vin\u00edlico no teto da minha obra?<\/strong><\/p>\n\n\n\n<p>Sim, \u00e9 poss\u00edvel instalar o piso vin\u00edlico no teto, desde que seja do tipo colado e que a laje passe por uma avalia\u00e7\u00e3o do engenheiro ou arquiteto respons\u00e1vel. \u00c9 primordial que ela esteja acabada, nivelada e impermeabilizado, para voc\u00ea n\u00e3o errar na instala\u00e7\u00e3o.<\/p>\n\n\n\n<p>Caso o teto j\u00e1 possua um acabamento em pintura, \u00e9 preciso lixar a superf\u00edcie para que haja uma melhor ader\u00eancia. J\u00e1 em forro de gesso, a dica \u00e9 consultar primeiro se h\u00e1 compatibilidade entre o adesivo e esse material.<\/p>\n\n\n\n<p>Antes de iniciar a instala\u00e7\u00e3o no gesso, \u00e9 recomendado aplicar um selador. Outro ponto importante \u00e9 que, se as emendas n\u00e3o estiverem completamente lisas, voc\u00ea ter\u00e1 de regularizar toda a superf\u00edcie com massa e depois lix\u00e1-la.<\/p>\n\n\n\n<p><em>Obs.: Com o local de instala\u00e7\u00e3o definido e preparado, \u00e9 hora de&nbsp;<\/em><em>escolher o modelo. D\u00ea prefer\u00eancia \u00e0s r\u00e9guas e placas de LVTs com&nbsp;<\/em><em>espessura entre 2 e 3 mm pois<\/em>&nbsp;al\u00e9m da variedade de modelos, s\u00e3o mais leves.<\/p>\n\n\n\n<p><strong>Como instalar o piso vin\u00edlico no teto?<\/strong><\/p>\n\n\n\n<p>No teto, a instala\u00e7\u00e3o \u00e9 similar ao que ocorre no contrapiso ou na parede, ou seja, passa primeiro por uma avalia\u00e7\u00e3o das condi\u00e7\u00f5es da laje, depois pela aplica\u00e7\u00e3o do adesivo e por fim a instala\u00e7\u00e3o das r\u00e9guas e placas vin\u00edlicas.<\/p>\n\n\n\n<p>Por proporcionar um \u00e2ngulo de visualiza\u00e7\u00e3o e instala\u00e7\u00e3o mais desafiador do que o convencional, \u00e9 ainda mais importante que o desenho e o sentido da pagina\u00e7\u00e3o na laje sejam definidos previamente por profissionais.<\/p>\n\n\n\n<figure class=\"wp-block-image size-full is-resized\"><img loading=\"lazy\" decoding=\"async\" src=\"https:\/\/diprotec.com.br\/blog\/wp-content\/uploads\/2023\/03\/Imagem_01.jpg\" alt=\"\" class=\"wp-image-548\" width=\"840\" height=\"562\" srcset=\"https:\/\/diprotec.com.br\/blog\/wp-content\/uploads\/2023\/03\/Imagem_01.jpg 807w, https:\/\/diprotec.com.br\/blog\/wp-content\/uploads\/2023\/03\/Imagem_01-300x201.jpg 300w, https:\/\/diprotec.com.br\/blog\/wp-content\/uploads\/2023\/03\/Imagem_01-768x514.jpg 768w\" sizes=\"(max-width: 840px) 100vw, 840px\" \/><\/figure>\n\n\n\n<p>Agora ficou ainda mais f\u00e1cil instalar o piso vin\u00edlico no teto, n\u00e3o \u00e9 mesmo? Se voc\u00ea ainda ficou com alguma d\u00favida, fique \u00e0 vontade para nos perguntar nos coment\u00e1rios!<\/p>\n\n\n\n<p><\/p>\n\n\n\n<p>Tem mais d\u00favidas?<\/p>\n\n\n\n<p><a href=\"https:\/\/www.diprotec.com.br\/\">Entra em contato com um dos nossos consultores.<\/a><\/p>\n\n\n\n<p>Confira tamb\u00e9m,&nbsp;<a href=\"https:\/\/diprotec.com.br\/blog\/case-recuperacao-superficial-de-piso-de-concreto-com-desgaste\/\">Case: Recupera\u00e7\u00e3o superficial de pisos de concreto com desgaste.<\/a><\/p>\n\n\n\n\t<div class=\"dkpdf-button-container\" style=\" text-align:right \">\n\n\t\t<a class=\"dkpdf-button\" href=\"\/blog\/wp-json\/wp\/v2\/posts\/547?pdf=547\" target=\"_blank\"><span class=\"dkpdf-button-icon\"><i class=\"fa fa-file-pdf-o\"><\/i><\/span> Fa\u00e7a o download em PDF<\/a>\n\n\t<\/div>\n\n\n\n\n\n","protected":false},"excerpt":{"rendered":"<p>Que o vin\u00edlico \u00e9 uma \u00f3tima op\u00e7\u00e3o para aplica\u00e7\u00f5es em pisos e paredes, voc\u00ea provavelmente j\u00e1 sabe. Mas voc\u00ea sabia que cada vez mais ele \u00e9 considerado e bem avaliado por profissionais de arquitetura e design de interiores para aplica\u00e7\u00f5es no teto?<\/p>\n","protected":false},"author":1,"featured_media":549,"comment_status":"open","ping_status":"closed","sticky":false,"template":"","format":"standard","meta":{"footnotes":""},"categories":[114,11],"tags":[86,46,38,30,39,22,40,41,59],"class_list":["post-547","post","type-post","status-publish","format-standard","has-post-thumbnail","hentry","category-acabamentos","category-pisos","tag-acabamento","tag-arquitetura","tag-blog","tag-cases","tag-construcao-civil","tag-diprotec","tag-engenharia-civil","tag-obras","tag-piso-vinilico"],"_links":{"self":[{"href":"https:\/\/diprotec.com.br\/blog\/wp-json\/wp\/v2\/posts\/547"}],"collection":[{"href":"https:\/\/diprotec.com.br\/blog\/wp-json\/wp\/v2\/posts"}],"about":[{"href":"https:\/\/diprotec.com.br\/blog\/wp-json\/wp\/v2\/types\/post"}],"author":[{"embeddable":true,"href":"https:\/\/diprotec.com.br\/blog\/wp-json\/wp\/v2\/users\/1"}],"replies":[{"embeddable":true,"href":"https:\/\/diprotec.com.br\/blog\/wp-json\/wp\/v2\/comments?post=547"}],"version-history":[{"count":2,"href":"https:\/\/diprotec.com.br\/blog\/wp-json\/wp\/v2\/posts\/547\/revisions"}],"predecessor-version":[{"id":1063,"href":"https:\/\/diprotec.com.br\/blog\/wp-json\/wp\/v2\/posts\/547\/revisions\/1063"}],"wp:featuredmedia":[{"embeddable":true,"href":"https:\/\/diprotec.com.br\/blog\/wp-json\/wp\/v2\/media\/549"}],"wp:attachment":[{"href":"https:\/\/diprotec.com.br\/blog\/wp-json\/wp\/v2\/media?parent=547"}],"wp:term":[{"taxonomy":"category","embeddable":true,"href":"https:\/\/diprotec.com.br\/blog\/wp-json\/wp\/v2\/categories?post=547"},{"taxonomy":"post_tag","embeddable":true,"href":"https:\/\/diprotec.com.br\/blog\/wp-json\/wp\/v2\/tags?post=547"}],"curies":[{"name":"wp","href":"https:\/\/api.w.org\/{rel}","templated":true}]}}