{"id":529,"date":"2023-02-13T17:29:41","date_gmt":"2023-02-13T20:29:41","guid":{"rendered":"https:\/\/diprotec.com.br\/blog\/?p=529"},"modified":"2024-02-07T17:11:51","modified_gmt":"2024-02-07T20:11:51","slug":"case-recuperacao-superficial-de-piso-de-concreto-com-desgaste","status":"publish","type":"post","link":"https:\/\/diprotec.com.br\/blog\/case-recuperacao-superficial-de-piso-de-concreto-com-desgaste\/","title":{"rendered":"Case: Recupera\u00e7\u00e3o superficial de piso de concreto com desgaste."},"content":{"rendered":"\n<p>O alto fluxo de pessoas e maquin\u00e1rios em um ambiente industrial, causam desgastes ao piso, gerando dificuldades de locomo\u00e7\u00e3o e ergonomia.<\/p>\n\n\n\n<p>Hoje, trazemos a solu\u00e7\u00e3o para a recupera\u00e7\u00e3o superficial de pisos de concreto com desgaste.<\/p>\n\n\n\n<p>Confira:<\/p>\n\n\n\n<p>Recupera\u00e7\u00e3o superficial de piso de concreto desgastado e com agregado gra\u00fado exposto, gerado por abras\u00e3o, pelo tr\u00e2nsito de empilhadeiras e paleteiras. Para solucionar estas manifesta\u00e7\u00f5es patol\u00f3gicas, apresentamos este eficiente tratamento de recupera\u00e7\u00e3o, gerando o m\u00ednimo de interfer\u00eancia na rotina de atividades de \u00e1reas de armazenagem e movimenta\u00e7\u00e3o de cargas, al\u00e9m de gerar baix\u00edssimo passivo ambiental, pois n\u00e3o h\u00e1 gera\u00e7\u00e3o de grandes volumes descartes de res\u00edduos por demoli\u00e7\u00e3o. A retomada da resist\u00eancia mec\u00e2nica da superf\u00edcie, se faz a partir de tratamento que permite que a \u00e1rea reparada tenha maior resist\u00eancia a abras\u00e3o. O tratamento tem por objetivo atingir camadas mais pr\u00f3ximas do n\u00facleo do concreto e colmata\u00e7\u00e3o dos poros com pasta composta por cimento, pol\u00edmero e tamb\u00e9m com tratamento qu\u00edmico, atrav\u00e9s da rea\u00e7\u00e3o da pr\u00f3pria micro s\u00edlica constante na pasta e da aplica\u00e7\u00e3o de endurecedor de superf\u00edcie a base de Silicatos como finaliza\u00e7\u00e3o do sistema aumentando a resist\u00eancia a abras\u00e3o, dureza superficial pela densifica\u00e7\u00e3o por rea\u00e7\u00e3o qu\u00edmica dos compostos hidratados do cimento a partir do Ca(OH)2 Hidr\u00f3xido de C\u00e1lcio, e selamento anti p\u00f3.<\/p>\n\n\n\n<p><strong>SITUA\u00c7\u00c3O DO PISO DE CONCRETO DO CLIENTE:<\/strong><\/p>\n\n\n\n<p>\u00c1rea comprometida com a patologia, onde se verifica a exposi\u00e7\u00e3o do agregado gra\u00fado do concreto, desagrega\u00e7\u00e3o superficial e gera\u00e7\u00e3o de p\u00f3 devido ao tr\u00e2nsito das empilhadeiras;<\/p>\n\n\n\n<figure class=\"wp-block-image size-full\"><img loading=\"lazy\" decoding=\"async\" width=\"1022\" height=\"739\" src=\"https:\/\/diprotec.com.br\/blog\/wp-content\/uploads\/2023\/02\/Imagem_01.jpg\" alt=\"\" class=\"wp-image-531\" srcset=\"https:\/\/diprotec.com.br\/blog\/wp-content\/uploads\/2023\/02\/Imagem_01.jpg 1022w, https:\/\/diprotec.com.br\/blog\/wp-content\/uploads\/2023\/02\/Imagem_01-300x217.jpg 300w, https:\/\/diprotec.com.br\/blog\/wp-content\/uploads\/2023\/02\/Imagem_01-768x555.jpg 768w\" sizes=\"(max-width: 1022px) 100vw, 1022px\" \/><\/figure>\n\n\n\n<ul class=\"wp-block-list\">\n<li>A prepara\u00e7\u00e3o do piso foi realizada atrav\u00e9s de processo mec\u00e2nico, utilizando-se lixadeira<br>com abrasivo diamantado para nivelamento de topo do agregado exposto da superf\u00edcie;<\/li>\n<\/ul>\n\n\n<div class=\"wp-block-image\">\n<figure class=\"aligncenter size-full is-resized\"><img loading=\"lazy\" decoding=\"async\" src=\"https:\/\/diprotec.com.br\/blog\/wp-content\/uploads\/2023\/02\/Imagem_02.jpg\" alt=\"\" class=\"wp-image-532\" width=\"256\" height=\"342\" srcset=\"https:\/\/diprotec.com.br\/blog\/wp-content\/uploads\/2023\/02\/Imagem_02.jpg 768w, https:\/\/diprotec.com.br\/blog\/wp-content\/uploads\/2023\/02\/Imagem_02-225x300.jpg 225w\" sizes=\"(max-width: 256px) 100vw, 256px\" \/><\/figure><\/div>\n\n\n<ul class=\"wp-block-list\">\n<li>A superf\u00edcie foi lavada e mantida sob l\u00e2mina d\u2019\u00e1gua por um per\u00edodo m\u00ednimo de 06 horas&nbsp;para satura\u00e7\u00e3o dos poros;<\/li>\n<\/ul>\n\n\n\n<figure class=\"wp-block-image size-full\"><img loading=\"lazy\" decoding=\"async\" width=\"1024\" height=\"765\" src=\"https:\/\/diprotec.com.br\/blog\/wp-content\/uploads\/2023\/02\/Imagem_03.jpg\" alt=\"\" class=\"wp-image-533\" srcset=\"https:\/\/diprotec.com.br\/blog\/wp-content\/uploads\/2023\/02\/Imagem_03.jpg 1024w, https:\/\/diprotec.com.br\/blog\/wp-content\/uploads\/2023\/02\/Imagem_03-300x224.jpg 300w, https:\/\/diprotec.com.br\/blog\/wp-content\/uploads\/2023\/02\/Imagem_03-768x574.jpg 768w\" sizes=\"(max-width: 1024px) 100vw, 1024px\" \/><\/figure>\n\n\n\n<ul class=\"wp-block-list\">\n<li>Nas \u00e1reas mais comprometidas, em que ocorreu maior desgaste superficial da pasta de cimento, e o agregado gra\u00fado estava mais exposto, foi aplicada argamassa estrutural Zentrifix GM2 para nivelamento rente a superf\u00edcie sobre ponte de ader\u00eancia composta por Cimento, S\u00edlica Ativa e Murafan 39;<\/li>\n<\/ul>\n\n\n\n<figure class=\"wp-block-image size-full\"><img loading=\"lazy\" decoding=\"async\" width=\"1024\" height=\"722\" src=\"https:\/\/diprotec.com.br\/blog\/wp-content\/uploads\/2023\/02\/Imagem_04.jpg\" alt=\"\" class=\"wp-image-534\" srcset=\"https:\/\/diprotec.com.br\/blog\/wp-content\/uploads\/2023\/02\/Imagem_04.jpg 1024w, https:\/\/diprotec.com.br\/blog\/wp-content\/uploads\/2023\/02\/Imagem_04-300x212.jpg 300w, https:\/\/diprotec.com.br\/blog\/wp-content\/uploads\/2023\/02\/Imagem_04-768x542.jpg 768w\" sizes=\"(max-width: 1024px) 100vw, 1024px\" \/><\/figure>\n\n\n\n<div class=\"wp-block-columns is-layout-flex wp-container-core-columns-is-layout-1 wp-block-columns-is-layout-flex\">\n<div class=\"wp-block-column is-layout-flow wp-block-column-is-layout-flow\" style=\"flex-basis:100%\">\n<div class=\"wp-block-group is-nowrap is-layout-flex wp-container-core-group-is-layout-1 wp-block-group-is-layout-flex\">\n<figure class=\"wp-block-image size-full is-resized\"><img loading=\"lazy\" decoding=\"async\" src=\"https:\/\/diprotec.com.br\/blog\/wp-content\/uploads\/2023\/02\/Imagem_05.jpg\" alt=\"\" class=\"wp-image-535\" width=\"402\" height=\"638\" srcset=\"https:\/\/diprotec.com.br\/blog\/wp-content\/uploads\/2023\/02\/Imagem_05.jpg 368w, https:\/\/diprotec.com.br\/blog\/wp-content\/uploads\/2023\/02\/Imagem_05-189x300.jpg 189w\" sizes=\"(max-width: 402px) 100vw, 402px\" \/><\/figure>\n\n\n\n<figure class=\"wp-block-image size-full\"><img loading=\"lazy\" decoding=\"async\" width=\"410\" height=\"653\" src=\"https:\/\/diprotec.com.br\/blog\/wp-content\/uploads\/2023\/02\/Imagem_06.jpg\" alt=\"\" class=\"wp-image-536\" srcset=\"https:\/\/diprotec.com.br\/blog\/wp-content\/uploads\/2023\/02\/Imagem_06.jpg 410w, https:\/\/diprotec.com.br\/blog\/wp-content\/uploads\/2023\/02\/Imagem_06-188x300.jpg 188w\" sizes=\"(max-width: 410px) 100vw, 410px\" \/><\/figure>\n<\/div>\n<\/div>\n<\/div>\n\n\n\n<figure class=\"wp-block-image size-full\"><img loading=\"lazy\" decoding=\"async\" width=\"891\" height=\"489\" src=\"https:\/\/diprotec.com.br\/blog\/wp-content\/uploads\/2023\/02\/Imagem_07.jpg\" alt=\"\" class=\"wp-image-537\" srcset=\"https:\/\/diprotec.com.br\/blog\/wp-content\/uploads\/2023\/02\/Imagem_07.jpg 891w, https:\/\/diprotec.com.br\/blog\/wp-content\/uploads\/2023\/02\/Imagem_07-300x165.jpg 300w, https:\/\/diprotec.com.br\/blog\/wp-content\/uploads\/2023\/02\/Imagem_07-768x421.jpg 768w\" sizes=\"(max-width: 891px) 100vw, 891px\" \/><\/figure>\n\n\n\n<figure class=\"wp-block-image size-full\"><img loading=\"lazy\" decoding=\"async\" width=\"929\" height=\"499\" src=\"https:\/\/diprotec.com.br\/blog\/wp-content\/uploads\/2023\/02\/Imagem_08.jpg\" alt=\"\" class=\"wp-image-538\" srcset=\"https:\/\/diprotec.com.br\/blog\/wp-content\/uploads\/2023\/02\/Imagem_08.jpg 929w, https:\/\/diprotec.com.br\/blog\/wp-content\/uploads\/2023\/02\/Imagem_08-300x161.jpg 300w, https:\/\/diprotec.com.br\/blog\/wp-content\/uploads\/2023\/02\/Imagem_08-768x413.jpg 768w\" sizes=\"(max-width: 929px) 100vw, 929px\" \/><\/figure>\n\n\n\n<ul class=\"wp-block-list\">\n<li>Ap\u00f3s a cura \u00famida dos reparos pontuais, a base foi novamente saturada com \u00e1gua limpa, e foi aplicada a pasta polim\u00e9rica composta por Cimento Portland CPII-Z-32 Emuls\u00e3o Acr\u00edlica Murafan 39 e Pozolana S\u00edlica Ativa;<\/li>\n<\/ul>\n\n\n<div class=\"wp-block-image\">\n<figure class=\"aligncenter size-full is-resized\"><img loading=\"lazy\" decoding=\"async\" src=\"https:\/\/diprotec.com.br\/blog\/wp-content\/uploads\/2023\/02\/Imagem_09.jpg\" alt=\"\" class=\"wp-image-539\" width=\"256\" height=\"390\" srcset=\"https:\/\/diprotec.com.br\/blog\/wp-content\/uploads\/2023\/02\/Imagem_09.jpg 615w, https:\/\/diprotec.com.br\/blog\/wp-content\/uploads\/2023\/02\/Imagem_09-197x300.jpg 197w\" sizes=\"(max-width: 256px) 100vw, 256px\" \/><\/figure><\/div>\n\n\n<ul class=\"wp-block-list\">\n<li>A S\u00edlica Ativa foi dosada em 5% sobre o peso do cimento, o Murafan 39, foi dosado em 05 litros para cada saco de cimento, e o consumo de cimento da pasta 5,0 Kg\/m\/;<\/li>\n<\/ul>\n\n\n\n<div class=\"wp-block-columns is-layout-flex wp-container-core-columns-is-layout-2 wp-block-columns-is-layout-flex\">\n<div class=\"wp-block-column is-layout-flow wp-block-column-is-layout-flow\" style=\"flex-basis:100%\">\n<figure class=\"wp-block-gallery aligncenter has-nested-images columns-default is-cropped wp-block-gallery-1 is-layout-flex wp-block-gallery-is-layout-flex\">\n<figure class=\"wp-block-image size-full is-resized\"><img loading=\"lazy\" decoding=\"async\" src=\"https:\/\/diprotec.com.br\/blog\/wp-content\/uploads\/2023\/02\/large-Imagem_10.jpg\" alt=\"\" class=\"wp-image-540\" width=\"308\" height=\"384\" srcset=\"https:\/\/diprotec.com.br\/blog\/wp-content\/uploads\/2023\/02\/large-Imagem_10.jpg 400w, https:\/\/diprotec.com.br\/blog\/wp-content\/uploads\/2023\/02\/large-Imagem_10-240x300.jpg 240w\" sizes=\"(max-width: 308px) 100vw, 308px\" \/><\/figure>\n\n\n\n<figure class=\"wp-block-image size-full\"><img loading=\"lazy\" decoding=\"async\" width=\"502\" height=\"702\" src=\"https:\/\/diprotec.com.br\/blog\/wp-content\/uploads\/2023\/02\/large-Imagem_11-1.jpg\" alt=\"\" class=\"wp-image-542\" srcset=\"https:\/\/diprotec.com.br\/blog\/wp-content\/uploads\/2023\/02\/large-Imagem_11-1.jpg 502w, https:\/\/diprotec.com.br\/blog\/wp-content\/uploads\/2023\/02\/large-Imagem_11-1-215x300.jpg 215w\" sizes=\"(max-width: 502px) 100vw, 502px\" \/><\/figure>\n<\/figure>\n<\/div>\n<\/div>\n\n\n\n<ul class=\"wp-block-list\">\n<li>Mistura mec\u00e2nica, h\u00e9lice acoplada \u00e0 furadeira el\u00e9trica com baixa rota\u00e7\u00e3o 400 a 500 RPM;<\/li>\n\n\n\n<li>Aspecto da superf\u00edcie lixada, antes da aplica\u00e7\u00e3o da pasta de cimento com s\u00edlica e pol\u00edmero;<\/li>\n<\/ul>\n\n\n\n<figure class=\"wp-block-image size-full\"><img loading=\"lazy\" decoding=\"async\" width=\"1024\" height=\"597\" src=\"https:\/\/diprotec.com.br\/blog\/wp-content\/uploads\/2023\/02\/Imagem_13.jpg\" alt=\"\" class=\"wp-image-543\" srcset=\"https:\/\/diprotec.com.br\/blog\/wp-content\/uploads\/2023\/02\/Imagem_13.jpg 1024w, https:\/\/diprotec.com.br\/blog\/wp-content\/uploads\/2023\/02\/Imagem_13-300x175.jpg 300w, https:\/\/diprotec.com.br\/blog\/wp-content\/uploads\/2023\/02\/Imagem_13-768x448.jpg 768w\" sizes=\"(max-width: 1024px) 100vw, 1024px\" \/><\/figure>\n\n\n\n<ul class=\"wp-block-list\">\n<li>Aplica\u00e7\u00e3o com desempenadeira met\u00e1lica em movimento pendular, sem formar espessura,<br>corte rente, colmatando os poros e recape;<\/li>\n\n\n\n<li>O procedimento de cura \u00famida, estendendo-se sobre as \u00e1reas reparadas, Bidim CC10 e<br>mantido constantemente saturado com \u00e1gua limpa por per\u00edodo m\u00ednimo de 24 horas;<\/li>\n\n\n\n<li>Aplica\u00e7\u00e3o do endurecedor de superf\u00edcie e ap\u00f3s finaliza\u00e7\u00e3o do processo e libera\u00e7\u00e3o da \u00e1rea para as opera\u00e7\u00f5es de movimenta\u00e7\u00e3o de carga no galp\u00e3o, ap\u00f3s 24 depois de aplicado o endurecedor de superf\u00edcie;<\/li>\n<\/ul>\n\n\n\n<figure class=\"wp-block-image size-large\"><img loading=\"lazy\" decoding=\"async\" width=\"1024\" height=\"614\" src=\"https:\/\/diprotec.com.br\/blog\/wp-content\/uploads\/2023\/02\/Imagem_19-1024x614.jpg\" alt=\"\" class=\"wp-image-544\" srcset=\"https:\/\/diprotec.com.br\/blog\/wp-content\/uploads\/2023\/02\/Imagem_19-1024x614.jpg 1024w, https:\/\/diprotec.com.br\/blog\/wp-content\/uploads\/2023\/02\/Imagem_19-300x180.jpg 300w, https:\/\/diprotec.com.br\/blog\/wp-content\/uploads\/2023\/02\/Imagem_19-768x461.jpg 768w, https:\/\/diprotec.com.br\/blog\/wp-content\/uploads\/2023\/02\/Imagem_19-240x145.jpg 240w, https:\/\/diprotec.com.br\/blog\/wp-content\/uploads\/2023\/02\/Imagem_19.jpg 1280w\" sizes=\"(max-width: 1024px) 100vw, 1024px\" \/><\/figure>\n\n\n\n<p><strong>Observa\u00e7\u00f5es importantes sobre sustentabilidade:<\/strong><\/p>\n\n\n\n<p>Estes procedimentos e materiais empregados, geram um baix\u00edssimo impacto ambiental. Para cada 100m\u00b2 de recupera\u00e7\u00e3o superficial do piso de concreto nas condi\u00e7\u00f5es apresentadas, foi gerado apenas 50 litros, 01 carrinho de m\u00e3o *(Foto) de material para descarte, sem os grandes volumes que seriam gerados por demoli\u00e7\u00e3o do piso existente e execu\u00e7\u00e3o.<br>\u00c9 um sistema de f\u00e1cil manuten\u00e7\u00e3o, r\u00e1pida libera\u00e7\u00e3o, m\u00ednimo tempo de interven\u00e7\u00e3o, elevando as condi\u00e7\u00f5es operacionais do pavimento recuperado, sem a forma\u00e7\u00e3o de p\u00f3, desconfortos e gastos excessivos com manuten\u00e7\u00e3o das empilhadeiras por desnivelamento da superf\u00edcie durante o processo de movimenta\u00e7\u00e3o de cargas no galp\u00e3o.<\/p>\n\n\n\n<figure class=\"wp-block-image size-full\"><img loading=\"lazy\" decoding=\"async\" width=\"974\" height=\"573\" src=\"https:\/\/diprotec.com.br\/blog\/wp-content\/uploads\/2023\/02\/Imagem_21.jpg\" alt=\"\" class=\"wp-image-545\" srcset=\"https:\/\/diprotec.com.br\/blog\/wp-content\/uploads\/2023\/02\/Imagem_21.jpg 974w, https:\/\/diprotec.com.br\/blog\/wp-content\/uploads\/2023\/02\/Imagem_21-300x176.jpg 300w, https:\/\/diprotec.com.br\/blog\/wp-content\/uploads\/2023\/02\/Imagem_21-768x452.jpg 768w\" sizes=\"(max-width: 974px) 100vw, 974px\" \/><\/figure>\n\n\n\n<p>Tem mais d\u00favidas?<\/p>\n\n\n\n<p><a href=\"https:\/\/www.diprotec.com.br\/\">Entra em contato com um dos nossos consultores.<\/a><\/p>\n\n\n\n<p>Confira tamb\u00e9m,&nbsp;<a href=\"https:\/\/diprotec.com.br\/blog\/sapata-isolada-vantagens-e-desvantagens\/\">Sapata Isolada: vantagens e desvantagens. <\/a><\/p>\n\n\n\n\t<div class=\"dkpdf-button-container\" style=\" text-align:right \">\n\n\t\t<a class=\"dkpdf-button\" href=\"\/blog\/wp-json\/wp\/v2\/posts\/529?pdf=529\" target=\"_blank\"><span class=\"dkpdf-button-icon\"><i class=\"fa fa-file-pdf-o\"><\/i><\/span> Fa\u00e7a o download em PDF<\/a>\n\n\t<\/div>\n\n\n\n\n\n","protected":false},"excerpt":{"rendered":"<p>O alto fluxo de pessoas e maquin\u00e1rios em um ambiente industrial, causam desgastes ao piso, gerando dificuldades de locomo\u00e7\u00e3o e ergonomia. Hoje, trazemos a solu\u00e7\u00e3o para a recupera\u00e7\u00e3o superficial de pisos de concreto com desgaste. Confira: Recupera\u00e7\u00e3o superficial de piso de concreto desgastado e com agregado gra\u00fado exposto, gerado por abras\u00e3o, pelo tr\u00e2nsito de empilhadeiras [&hellip;]<\/p>\n","protected":false},"author":1,"featured_media":530,"comment_status":"open","ping_status":"closed","sticky":false,"template":"","format":"standard","meta":{"footnotes":""},"categories":[70,11],"tags":[30,42,22,85],"class_list":["post-529","post","type-post","status-publish","format-standard","has-post-thumbnail","hentry","category-cases","category-pisos","tag-cases","tag-concreto","tag-diprotec","tag-recuperacao"],"_links":{"self":[{"href":"https:\/\/diprotec.com.br\/blog\/wp-json\/wp\/v2\/posts\/529"}],"collection":[{"href":"https:\/\/diprotec.com.br\/blog\/wp-json\/wp\/v2\/posts"}],"about":[{"href":"https:\/\/diprotec.com.br\/blog\/wp-json\/wp\/v2\/types\/post"}],"author":[{"embeddable":true,"href":"https:\/\/diprotec.com.br\/blog\/wp-json\/wp\/v2\/users\/1"}],"replies":[{"embeddable":true,"href":"https:\/\/diprotec.com.br\/blog\/wp-json\/wp\/v2\/comments?post=529"}],"version-history":[{"count":2,"href":"https:\/\/diprotec.com.br\/blog\/wp-json\/wp\/v2\/posts\/529\/revisions"}],"predecessor-version":[{"id":1055,"href":"https:\/\/diprotec.com.br\/blog\/wp-json\/wp\/v2\/posts\/529\/revisions\/1055"}],"wp:featuredmedia":[{"embeddable":true,"href":"https:\/\/diprotec.com.br\/blog\/wp-json\/wp\/v2\/media\/530"}],"wp:attachment":[{"href":"https:\/\/diprotec.com.br\/blog\/wp-json\/wp\/v2\/media?parent=529"}],"wp:term":[{"taxonomy":"category","embeddable":true,"href":"https:\/\/diprotec.com.br\/blog\/wp-json\/wp\/v2\/categories?post=529"},{"taxonomy":"post_tag","embeddable":true,"href":"https:\/\/diprotec.com.br\/blog\/wp-json\/wp\/v2\/tags?post=529"}],"curies":[{"name":"wp","href":"https:\/\/api.w.org\/{rel}","templated":true}]}}