{"id":458,"date":"2022-10-14T10:51:05","date_gmt":"2022-10-14T13:51:05","guid":{"rendered":"https:\/\/diprotec.com.br\/blog\/?p=458"},"modified":"2024-02-07T17:24:45","modified_gmt":"2024-02-07T20:24:45","slug":"cortinas-de-concreto-sistemas-de-impermeabilizacao","status":"publish","type":"post","link":"https:\/\/diprotec.com.br\/blog\/cortinas-de-concreto-sistemas-de-impermeabilizacao\/","title":{"rendered":"Cortinas de Concreto &#8211; Sistemas de Impermeabiliza\u00e7\u00e3o"},"content":{"rendered":"\n<p>As cortinas de concreto s\u00e3o elementos estruturais moldados in loco e sujeitos ao contato com o solo. Para proteger estas estruturas de riscos de infiltra\u00e7\u00f5es do len\u00e7ol fre\u00e1tico, \u00e9 extremamente necess\u00e1ria a sua impermeabiliza\u00e7\u00e3o.<\/p>\n\n\n\n<p><\/p>\n\n\n\n<p><strong>Fatores cruciais na impermeabiliza\u00e7\u00e3o de cortinas de concreto:<\/strong><\/p>\n\n\n\n<p>Para garantir que a impermeabiliza\u00e7\u00e3o seja realizada dentro dos padr\u00f5es de qualidade, alguns requisitos s\u00e3o indispens\u00e1veis, como:<\/p>\n\n\n\n<ul class=\"wp-block-list\">\n<li>a presta\u00e7\u00e3o de servi\u00e7os deve ser feita por equipe de engenheiros, arquitetos e profissionais t\u00e9cnicos especializados no segmento;<\/li>\n\n\n\n<li>\u00e9 preciso elaborar projeto que detalhe as condi\u00e7\u00f5es atuais do pr\u00e9dio, as a\u00e7\u00f5es necess\u00e1rias para a adequada&nbsp;<strong><em>impermeabiliza\u00e7\u00e3o de cortinas de concreto<\/em><\/strong>, os materiais e m\u00e3o de obra a serem empregados durante a empreitada;<\/li>\n\n\n\n<li>a atividade dever\u00e1 levar em conta as caracter\u00edsticas f\u00edsicas da edifica\u00e7\u00e3o, do solo entre outras.<\/li>\n<\/ul>\n\n\n\n<p><\/p>\n\n\n\n<p>Conhe\u00e7a uma das principais tecnologias empregadas para prote\u00e7\u00e3o e impermeabiliza\u00e7\u00e3o de cortinas em concreto armado:<\/p>\n\n\n\n<p><strong>Impermeabiliza\u00e7\u00e3o por cristaliza\u00e7\u00e3o integral do concreto:<\/strong><\/p>\n\n\n\n<p>\u00c9 amplamente utilizada em estruturas que ficam em contato direto com a \u00e1gua, em locais de umidade extrema e sujeitas a press\u00f5es positivas e negativas.<\/p>\n\n\n\n<p>Empregada atrav\u00e9s da utiliza\u00e7\u00e3o de um aditivo, ainda durante a prepara\u00e7\u00e3o do concreto ou em forma de pintura com compostos qu\u00edmicos especiais sobre a cortina j\u00e1 moldada.<\/p>\n\n\n\n<p>Os compostos qu\u00edmicos penetram nos poros e reagem com a pasta de cimento e \u00e1gua, formando os cristais em profundidade, que preenchem os poros bloqueando a passagem da \u00e1gua. A pr\u00f3pria \u00e1gua catalisa a rea\u00e7\u00e3o de cristaliza\u00e7\u00e3o.<\/p>\n\n\n\n<figure class=\"wp-block-image size-large\"><img loading=\"lazy\" decoding=\"async\" width=\"1024\" height=\"161\" src=\"https:\/\/diprotec.com.br\/blog\/wp-content\/uploads\/2022\/10\/blog1-1024x161.png\" alt=\"\" class=\"wp-image-466\" srcset=\"https:\/\/diprotec.com.br\/blog\/wp-content\/uploads\/2022\/10\/blog1-1024x161.png 1024w, https:\/\/diprotec.com.br\/blog\/wp-content\/uploads\/2022\/10\/blog1-300x47.png 300w, https:\/\/diprotec.com.br\/blog\/wp-content\/uploads\/2022\/10\/blog1-768x121.png 768w, https:\/\/diprotec.com.br\/blog\/wp-content\/uploads\/2022\/10\/blog1-1536x241.png 1536w, https:\/\/diprotec.com.br\/blog\/wp-content\/uploads\/2022\/10\/blog1-2048x322.png 2048w\" sizes=\"(max-width: 1024px) 100vw, 1024px\" \/><\/figure>\n\n\n\n<figure class=\"wp-block-image size-large\"><img loading=\"lazy\" decoding=\"async\" width=\"1024\" height=\"161\" src=\"https:\/\/diprotec.com.br\/blog\/wp-content\/uploads\/2022\/10\/blog2-1024x161.png\" alt=\"\" class=\"wp-image-467\" srcset=\"https:\/\/diprotec.com.br\/blog\/wp-content\/uploads\/2022\/10\/blog2-1024x161.png 1024w, https:\/\/diprotec.com.br\/blog\/wp-content\/uploads\/2022\/10\/blog2-300x47.png 300w, https:\/\/diprotec.com.br\/blog\/wp-content\/uploads\/2022\/10\/blog2-768x121.png 768w, https:\/\/diprotec.com.br\/blog\/wp-content\/uploads\/2022\/10\/blog2-1536x241.png 1536w, https:\/\/diprotec.com.br\/blog\/wp-content\/uploads\/2022\/10\/blog2-2048x322.png 2048w\" sizes=\"(max-width: 1024px) 100vw, 1024px\" \/><\/figure>\n\n\n\n<p><strong>Vantagens:<\/strong><\/p>\n\n\n\n<ul class=\"wp-block-list\">\n<li>Reduz a permeabilidade \u00e0 \u00e1gua \u2013 dispensa o uso de outros sistemas de impermeabiliza\u00e7\u00e3o;<\/li>\n\n\n\n<li>Reduz a penetra\u00e7\u00e3o de \u00e1gua sob press\u00e3o;<\/li>\n\n\n\n<li>Melhora a propriedade de auto cicatriza\u00e7\u00e3o do concreto em fissuras de at\u00e9 0,4 mm;<\/li>\n\n\n\n<li>Reduz a passagem de vapor;<\/li>\n\n\n\n<li>Por ser de base mineral, n\u00e3o se decomp\u00f5e ao longo do tempo como materiais de base org\u00e2nica;<\/li>\n\n\n\n<li>N\u00e3o possui compostos org\u00e2nicos vol\u00e1teis (VOC);<\/li>\n\n\n\n<li>N\u00e3o \u00e9 nociva ao meio-ambiente.<\/li>\n<\/ul>\n\n\n\n<p>Quer saber mais sobre a impermeabiliza\u00e7\u00e3o de cortinas de concreto? <a href=\"https:\/\/diprotec.com.br\/\" target=\"_blank\" rel=\"noreferrer noopener\">Fale com um dos nossos consultores.<\/a><\/p>\n\n\n\n<p>Confira tamb\u00e9m: <a rel=\"noreferrer noopener\" href=\"https:\/\/diprotec.com.br\/blog\/geotextil-naotecido\/\" target=\"_blank\">Geot\u00eaxtil n\u00e3o tecido: diferen\u00e7as entre gramatura e resist\u00eancia \u00e0 tra\u00e7\u00e3o<\/a>.<\/p>\n\n\n\n\t<div class=\"dkpdf-button-container\" style=\" text-align:right \">\n\n\t\t<a class=\"dkpdf-button\" href=\"\/blog\/wp-json\/wp\/v2\/posts\/458?pdf=458\" target=\"_blank\"><span class=\"dkpdf-button-icon\"><i class=\"fa fa-file-pdf-o\"><\/i><\/span> Fa\u00e7a o download em PDF<\/a>\n\n\t<\/div>\n\n\n\n\n\n","protected":false},"excerpt":{"rendered":"<p>As cortinas de concreto s\u00e3o elementos estruturais moldados in loco e sujeitos ao contato com o solo. Para proteger estas estruturas de riscos de infiltra\u00e7\u00f5es do len\u00e7ol fre\u00e1tico, \u00e9 extremamente necess\u00e1ria a sua impermeabiliza\u00e7\u00e3o.<\/p>\n","protected":false},"author":1,"featured_media":469,"comment_status":"open","ping_status":"closed","sticky":false,"template":"","format":"standard","meta":{"footnotes":""},"categories":[9],"tags":[42,39,67,22,40,26,41],"class_list":["post-458","post","type-post","status-publish","format-standard","has-post-thumbnail","hentry","category-impermeabilizacoes","tag-concreto","tag-construcao-civil","tag-cortina-de-concreto","tag-diprotec","tag-engenharia-civil","tag-impermeabilizacao","tag-obras"],"_links":{"self":[{"href":"https:\/\/diprotec.com.br\/blog\/wp-json\/wp\/v2\/posts\/458"}],"collection":[{"href":"https:\/\/diprotec.com.br\/blog\/wp-json\/wp\/v2\/posts"}],"about":[{"href":"https:\/\/diprotec.com.br\/blog\/wp-json\/wp\/v2\/types\/post"}],"author":[{"embeddable":true,"href":"https:\/\/diprotec.com.br\/blog\/wp-json\/wp\/v2\/users\/1"}],"replies":[{"embeddable":true,"href":"https:\/\/diprotec.com.br\/blog\/wp-json\/wp\/v2\/comments?post=458"}],"version-history":[{"count":6,"href":"https:\/\/diprotec.com.br\/blog\/wp-json\/wp\/v2\/posts\/458\/revisions"}],"predecessor-version":[{"id":1067,"href":"https:\/\/diprotec.com.br\/blog\/wp-json\/wp\/v2\/posts\/458\/revisions\/1067"}],"wp:featuredmedia":[{"embeddable":true,"href":"https:\/\/diprotec.com.br\/blog\/wp-json\/wp\/v2\/media\/469"}],"wp:attachment":[{"href":"https:\/\/diprotec.com.br\/blog\/wp-json\/wp\/v2\/media?parent=458"}],"wp:term":[{"taxonomy":"category","embeddable":true,"href":"https:\/\/diprotec.com.br\/blog\/wp-json\/wp\/v2\/categories?post=458"},{"taxonomy":"post_tag","embeddable":true,"href":"https:\/\/diprotec.com.br\/blog\/wp-json\/wp\/v2\/tags?post=458"}],"curies":[{"name":"wp","href":"https:\/\/api.w.org\/{rel}","templated":true}]}}