{"id":159,"date":"2021-11-30T14:09:18","date_gmt":"2021-11-30T17:09:18","guid":{"rendered":"http:\/\/diprotec.com.br\/blog\/?p=159"},"modified":"2021-11-30T16:24:18","modified_gmt":"2021-11-30T19:24:18","slug":"impermeabilizacao-de-cobertura-metalica-com-flexotom-pud","status":"publish","type":"post","link":"https:\/\/diprotec.com.br\/blog\/impermeabilizacao-de-cobertura-metalica-com-flexotom-pud\/","title":{"rendered":"Impermeabiliza\u00e7\u00e3o de Cobertura Met\u00e1lica com FlexoTom PUD"},"content":{"rendered":"<p>Os raios solares que incidem na superf\u00edcie do telhado, aquecem n\u00e3o apenas a cobertura, mas tamb\u00e9m os ambientes inferiores, aumentando a temperatura interna. Isso acontece nas grandes ind\u00fastrias, em pr\u00e9dios comerciais e tamb\u00e9m em resid\u00eancias, principalmente devido as altas temperaturas nos centros urbanos, causando desconforto t\u00e9rmico.<\/p>\n<p>Esse desconforto, causado pelo aquecimento do ambiente, pode exigir solu\u00e7\u00f5es como constante climatiza\u00e7\u00e3o do ambiente, gerando maior consumo de energia. No entanto, existem outras solu\u00e7\u00f5es, que podem ajudar muito a diminuir a temperatura interna, como a aplica\u00e7\u00e3o de impermeabilizante.<\/p>\n<h2>Case:\u00a0Aplica\u00e7\u00e3o do FlexoTom PUD<\/h2>\n<p>Acompanhe\u00a0a aplica\u00e7\u00e3o de impermeabilizante em uma importante ind\u00fastria de produ\u00e7\u00e3o do ramo de alimentos, instalada no estado do Paran\u00e1. Este \u00e9 um exemplo pr\u00e1tico que demonstra a efic\u00e1cia na redu\u00e7\u00e3o da temperatura na superf\u00edcie de um telhado industrial e consequentemente do ambiente interno, a partir da aplica\u00e7\u00e3o da membrana FlexoTom PUD.<\/p>\n<p>Ap\u00f3s a aplica\u00e7\u00e3o da membrana em apenas uma parte do telhado <em>(imagem 1)<\/em>, foram realizados ensaios de termografia e como resultado, podemos ver a diferen\u00e7a m\u00e9dia de -11,1\u00ba C, onde em amarelo <em>(imagem 2)<\/em> \u00e9 o local ainda sem a aplica\u00e7\u00e3o do produto.<\/p>\n<div id=\"attachment_162\" style=\"width: 1878px\" class=\"wp-caption aligncenter\"><img loading=\"lazy\" decoding=\"async\" aria-describedby=\"caption-attachment-162\" class=\"wp-image-162 size-full\" src=\"http:\/\/diprotec.com.br\/blog\/wp-content\/uploads\/2021\/11\/image-0.1.jpg\" alt=\"\" width=\"1868\" height=\"1280\" srcset=\"https:\/\/diprotec.com.br\/blog\/wp-content\/uploads\/2021\/11\/image-0.1.jpg 1868w, https:\/\/diprotec.com.br\/blog\/wp-content\/uploads\/2021\/11\/image-0.1-300x206.jpg 300w, https:\/\/diprotec.com.br\/blog\/wp-content\/uploads\/2021\/11\/image-0.1-768x526.jpg 768w, https:\/\/diprotec.com.br\/blog\/wp-content\/uploads\/2021\/11\/image-0.1-1024x702.jpg 1024w\" sizes=\"(max-width: 1868px) 100vw, 1868px\" \/><p id=\"caption-attachment-162\" class=\"wp-caption-text\"><em>Imagem 1 e 2<\/em><\/p><\/div>\n<h2>Aplica\u00e7\u00e3o<\/h2>\n<p>Para a aplica\u00e7\u00e3o do FlexoTom PUD, \u00e9 indicado o tratamento inicial de todas as\u00a0interfer\u00eancias, em rufos e em elementos de fixa\u00e7\u00e3o, conforme abaixo <em>(imagem 3)<\/em>.<\/p>\n<div id=\"attachment_168\" style=\"width: 1878px\" class=\"wp-caption aligncenter\"><img loading=\"lazy\" decoding=\"async\" aria-describedby=\"caption-attachment-168\" class=\"wp-image-168 size-full\" src=\"http:\/\/diprotec.com.br\/blog\/wp-content\/uploads\/2021\/11\/imagem-1.1-3.jpg\" alt=\"\" width=\"1868\" height=\"952\" srcset=\"https:\/\/diprotec.com.br\/blog\/wp-content\/uploads\/2021\/11\/imagem-1.1-3.jpg 1868w, https:\/\/diprotec.com.br\/blog\/wp-content\/uploads\/2021\/11\/imagem-1.1-3-300x153.jpg 300w, https:\/\/diprotec.com.br\/blog\/wp-content\/uploads\/2021\/11\/imagem-1.1-3-768x391.jpg 768w, https:\/\/diprotec.com.br\/blog\/wp-content\/uploads\/2021\/11\/imagem-1.1-3-1024x522.jpg 1024w\" sizes=\"(max-width: 1868px) 100vw, 1868px\" \/><p id=\"caption-attachment-168\" class=\"wp-caption-text\"><em>Imagem 3<\/em><\/p><\/div>\n<p>Neste projeto, a aplica\u00e7\u00e3o da membrana foi\u00a0 realizada com equipamento Airless, dando mais agilidade e acabamento uniforme.<\/p>\n<p><img loading=\"lazy\" decoding=\"async\" class=\"aligncenter size-full wp-image-169\" src=\"http:\/\/diprotec.com.br\/blog\/wp-content\/uploads\/2021\/11\/Imagem-2.1.jpg\" alt=\"\" width=\"1868\" height=\"952\" srcset=\"https:\/\/diprotec.com.br\/blog\/wp-content\/uploads\/2021\/11\/Imagem-2.1.jpg 1868w, https:\/\/diprotec.com.br\/blog\/wp-content\/uploads\/2021\/11\/Imagem-2.1-300x153.jpg 300w, https:\/\/diprotec.com.br\/blog\/wp-content\/uploads\/2021\/11\/Imagem-2.1-768x391.jpg 768w, https:\/\/diprotec.com.br\/blog\/wp-content\/uploads\/2021\/11\/Imagem-2.1-1024x522.jpg 1024w\" sizes=\"(max-width: 1868px) 100vw, 1868px\" \/><\/p>\n<p>&nbsp;<\/p>\n<p><strong>Saiba mais sobre o FlexoTom PUD<\/strong><\/p>\n<p>FlexoTom PUD \u00e9 uma membrana l\u00edquida impermeabilizante de alto desempenho com tecnologia PUD &#8211; dispers\u00e3o de poliuretano de base \u00e1gua, monocomponente.<br \/>\nDesenvolvida para impermeabiliza\u00e7\u00e3o de telhados, calhas marquises e coberturas sem tr\u00e2nsito.<br \/>\nAp\u00f3s curado, forma uma membrana cont\u00ednua, imperme\u00e1vel com resist\u00eancia a intemp\u00e9ries e aos raios UV.<br \/>\nFlexotom PUD \u00e9 a solu\u00e7\u00e3o ideal para coberturas industriais, comerciais e residenciais que requeiram alta durabilidade do revestimento imperme\u00e1vel, al\u00e9m de conforto t\u00e9rmico com maior efici\u00eancia do consumo de energia pela redu\u00e7\u00e3o da temperatura interna.<\/p>\n<p>&nbsp;<\/p>\n<p>Confira tamb\u00e9m nosso conte\u00fado sobre <a href=\"https:\/\/diprotec.com.br\/blog\/flexotom-pud-impermeabilizacao\/\">FlexoTom PUD \u2013 Tecnologia em sistemas de Impermeabiliza\u00e7\u00e3o. <\/a><\/p>\n\n\n\n\t<div class=\"dkpdf-button-container\" style=\" text-align:right \">\n\n\t\t<a class=\"dkpdf-button\" href=\"\/blog\/wp-json\/wp\/v2\/posts\/159?pdf=159\" target=\"_blank\"><span class=\"dkpdf-button-icon\"><i class=\"fa fa-file-pdf-o\"><\/i><\/span> Fa\u00e7a o download em PDF<\/a>\n\n\t<\/div>\n\n\n\n\n\n","protected":false},"excerpt":{"rendered":"<p>Os raios solares que incidem na superf\u00edcie do telhado, aquecem n\u00e3o apenas a cobertura, mas tamb\u00e9m os ambientes inferiores, aumentando a temperatura interna. Isso acontece nas grandes ind\u00fastrias, em pr\u00e9dios comerciais e tamb\u00e9m em resid\u00eancias, principalmente devido as altas temperaturas nos centros urbanos, causando desconforto t\u00e9rmico. Esse desconforto, causado pelo aquecimento do ambiente, pode exigir [&hellip;]<\/p>\n","protected":false},"author":1,"featured_media":176,"comment_status":"open","ping_status":"closed","sticky":false,"template":"","format":"standard","meta":{"footnotes":""},"categories":[9],"tags":[30,25],"class_list":["post-159","post","type-post","status-publish","format-standard","has-post-thumbnail","hentry","category-impermeabilizacoes","tag-cases","tag-impermeabilizantes"],"_links":{"self":[{"href":"https:\/\/diprotec.com.br\/blog\/wp-json\/wp\/v2\/posts\/159"}],"collection":[{"href":"https:\/\/diprotec.com.br\/blog\/wp-json\/wp\/v2\/posts"}],"about":[{"href":"https:\/\/diprotec.com.br\/blog\/wp-json\/wp\/v2\/types\/post"}],"author":[{"embeddable":true,"href":"https:\/\/diprotec.com.br\/blog\/wp-json\/wp\/v2\/users\/1"}],"replies":[{"embeddable":true,"href":"https:\/\/diprotec.com.br\/blog\/wp-json\/wp\/v2\/comments?post=159"}],"version-history":[{"count":17,"href":"https:\/\/diprotec.com.br\/blog\/wp-json\/wp\/v2\/posts\/159\/revisions"}],"predecessor-version":[{"id":188,"href":"https:\/\/diprotec.com.br\/blog\/wp-json\/wp\/v2\/posts\/159\/revisions\/188"}],"wp:featuredmedia":[{"embeddable":true,"href":"https:\/\/diprotec.com.br\/blog\/wp-json\/wp\/v2\/media\/176"}],"wp:attachment":[{"href":"https:\/\/diprotec.com.br\/blog\/wp-json\/wp\/v2\/media?parent=159"}],"wp:term":[{"taxonomy":"category","embeddable":true,"href":"https:\/\/diprotec.com.br\/blog\/wp-json\/wp\/v2\/categories?post=159"},{"taxonomy":"post_tag","embeddable":true,"href":"https:\/\/diprotec.com.br\/blog\/wp-json\/wp\/v2\/tags?post=159"}],"curies":[{"name":"wp","href":"https:\/\/api.w.org\/{rel}","templated":true}]}}