{"id":1213,"date":"2025-01-30T11:02:54","date_gmt":"2025-01-30T14:02:54","guid":{"rendered":"https:\/\/diprotec.com.br\/blog\/?p=1213"},"modified":"2025-01-30T11:03:29","modified_gmt":"2025-01-30T14:03:29","slug":"recuperacao-superficial-de-piso-de-concreto-com-desgaste","status":"publish","type":"post","link":"https:\/\/diprotec.com.br\/blog\/recuperacao-superficial-de-piso-de-concreto-com-desgaste\/","title":{"rendered":"Recupera\u00e7\u00e3o superficial de piso de concreto com desgaste"},"content":{"rendered":"\n<p>Os pisos de concreto s\u00e3o amplamente utilizados em ambientes industriais e comerciais devido \u00e0 sua resist\u00eancia e durabilidade. No entanto, o tr\u00e2nsito intenso de m\u00e1quinas como empilhadeiras e paleteiras pode causar desgaste significativo, expondo o agregado gra\u00fado e gerando poeira que interfere na seguran\u00e7a e funcionalidade do local.<\/p>\n\n\n\n<p>Neste case, apresentamos uma solu\u00e7\u00e3o t\u00e9cnica para a recupera\u00e7\u00e3o superficial de um piso de concreto desgastado.<\/p>\n\n\n\n<p>A \u00e1rea,&nbsp;<strong>de 965 m\u00b2<\/strong>, foi restaurada com m\u00e9todos eficientes e sustent\u00e1veis, garantindo maior durabilidade e m\u00ednima interfer\u00eancia nas opera\u00e7\u00f5es do espa\u00e7o.<\/p>\n\n\n\n<h2 class=\"wp-block-heading\">Desafios enfrentados na recupera\u00e7\u00e3o do piso de concreto<\/h2>\n\n\n\n<p>Os principais desafios inclu\u00edram:<\/p>\n\n\n\n<ol class=\"wp-block-list\">\n<li><strong>Desgaste avan\u00e7ado:<\/strong>\u00a0exposi\u00e7\u00e3o de agregado gra\u00fado devido ao desgaste superficial;<\/li>\n\n\n\n<li><strong>Forma\u00e7\u00e3o de poeira:<\/strong>\u00a0problema que comprometia a limpeza e a seguran\u00e7a operacional;<\/li>\n\n\n\n<li><strong>Manuten\u00e7\u00e3o das atividades:<\/strong>\u00a0a necessidade de execu\u00e7\u00e3o sem interrup\u00e7\u00f5es no uso do espa\u00e7o;<\/li>\n\n\n\n<li><strong>Sustentabilidade:<\/strong>\u00a0evitar descarte de res\u00edduos volumosos e reduzir o impacto ambiental.<\/li>\n<\/ol>\n\n\n\n<h2 class=\"wp-block-heading\">O case<\/h2>\n\n\n\n<ol class=\"wp-block-list\">\n<li>\u00c1rea comprometida com a patologia, onde se verifica a exposi\u00e7\u00e3o do agregado gra\u00fado do concreto, desagrega\u00e7\u00e3o superficial e gera\u00e7\u00e3o de p\u00f3 devido ao tr\u00e2nsito das empilhadeiras.<\/li>\n<\/ol>\n\n\n<div class=\"wp-block-image\">\n<figure class=\"aligncenter\"><img decoding=\"async\" src=\"https:\/\/lh7-rt.googleusercontent.com\/docsz\/AD_4nXetpKFtxlFP5k8Xl73F8TRt_TTYHBHRxiKSWk1dtENugdwCcdegE9lHG0-iJfYa7dwD6_f_L30cs1ElBAsioIO7zdUdjK38t40XNS5SHH7XNnnjv4urIWexrvwtf6Sw1MsYohhWNg?key=P7tOz7Oj-sy2_YesJAAxkHaI\" alt=\"\"\/><\/figure><\/div>\n\n\n<p>2. A prepara\u00e7\u00e3o do piso foi realizada atrav\u00e9s de processo mec\u00e2nico, utilizando-se lixadeira com abrasivo diamantado para nivelamento de topo do agregado exposto da superf\u00edcie;<\/p>\n\n\n<div class=\"wp-block-image\">\n<figure class=\"aligncenter\"><img decoding=\"async\" src=\"https:\/\/lh7-rt.googleusercontent.com\/docsz\/AD_4nXeL3dRXQ4KvdV1N0w_m5OiiQl4oUXYEjLs8tyR_yO0kOfysNB_53Q54i1-TdlnOZXf-BqwSvzQkJucdfAv_XVPVyHYcOZtL-yxdzv-a43aD3BxATUjUaeJHwNv6P68xPdobr5WbGA?key=P7tOz7Oj-sy2_YesJAAxkHaI\" alt=\"\"\/><\/figure><\/div>\n\n\n<p>3. A superf\u00edcie foi lavada e mantida sob l\u00e2mina d\u2019\u00e1gua por um per\u00edodo m\u00ednimo de 06 horas para satura\u00e7\u00e3o dos poros;<\/p>\n\n\n<div class=\"wp-block-image\">\n<figure class=\"aligncenter\"><img decoding=\"async\" src=\"https:\/\/lh7-rt.googleusercontent.com\/docsz\/AD_4nXfm-5Wco06s3YKb5fzQa68qhcpsPOrAm3cmnuQFi4naHKKxTt9NrEwWrXjqOPkVyFvrTB83fnh0UEQczEkPOhbJ22liWUNm56uFZShyInkneZj7FjGQVJYRDcJfHEjga5QIqKQv7w?key=P7tOz7Oj-sy2_YesJAAxkHaI\" alt=\"\"\/><\/figure><\/div>\n\n\n<p>4. Nas \u00e1reas mais comprometidas, em que ocorreu maior desgaste superficial da pasta de cimento e o agregado gra\u00fado estava mais exposto, foi aplicada&nbsp;<strong>argamassa estrutural<\/strong>&nbsp;para nivelamento rente a superf\u00edcie sobre ponte de ader\u00eancia, composta por&nbsp;<strong>cimento, s\u00edlica ativa&nbsp;<\/strong><strong>adesivo \u00e0 base acr\u00edlica de alto desempenho<\/strong>;<\/p>\n\n\n<div class=\"wp-block-image\">\n<figure class=\"alignleft\"><img decoding=\"async\" src=\"https:\/\/lh7-rt.googleusercontent.com\/docsz\/AD_4nXexXklUMDpNZlxYGm9wq69vswg11owd3DRpMx8vz5rTIyoVGboo6h4kMnCZpayQOFi_Dn7sFx78MxI7tNa609LvTz2-NRtHflAABX33v1Koz3MVyx2dqnOcdaFR0bOVPyRhm7jWVA?key=P7tOz7Oj-sy2_YesJAAxkHaI\" alt=\"\"\/><\/figure><\/div>\n\n<div class=\"wp-block-image\">\n<figure class=\"alignleft\"><img decoding=\"async\" src=\"https:\/\/lh7-rt.googleusercontent.com\/docsz\/AD_4nXcEg77JVMaddsgCCaeOXR83vkX0GYFtH1wSWw51h3QJ2MlBYPyvvmAA1gtCu0BGJxbO-EpUvdqIokN36w9tQT_rE-xoVbomdh_1vHzkQcx3zZ53zwEwKm_mSmts2oFxIE5MTvhHeg?key=P7tOz7Oj-sy2_YesJAAxkHaI\" alt=\"\"\/><\/figure><\/div>\n\n\n<figure class=\"wp-block-image\"><img decoding=\"async\" src=\"https:\/\/lh7-rt.googleusercontent.com\/docsz\/AD_4nXetsfYfkRY7VFPHAUBraYyRg0nCrA9-iO2P0Ox27isIluDIf89POpu0g6mgu0dZp9ofWBU6nLKbhN6AjcqTLW-n45qn2sA5yhhMw92IWCLfZSlhbnguVNiePfI9Dxo1j189JAiTgQ?key=P7tOz7Oj-sy2_YesJAAxkHaI\" alt=\"\"\/><\/figure>\n\n\n\n<p>5. Ap\u00f3s a cura \u00famida dos reparos pontuais, a base foi novamente saturada com \u00e1gua limpa, seguida da aplica\u00e7\u00e3o da pasta polim\u00e9rica, composta por&nbsp;<strong>Cimento Portland CII-Z-32<\/strong>, emuls\u00e3o de&nbsp;<strong>adesivo \u00e0 base acr\u00edlica de alto desempenho e pozolana s\u00edlica ativa;<\/strong><\/p>\n\n\n\n<p class=\"has-text-align-left\"><img loading=\"lazy\" decoding=\"async\" width=\"281\" height=\"384\" src=\"https:\/\/lh7-rt.googleusercontent.com\/docsz\/AD_4nXdXve8KTdYM7Gl4jXkrSYcwMd5n83UpHO4UzCJUpbUIAs6NFF7ulfLC6ADbB-pWUP6VUNL8zH0L7CqIduiBe5Z1bKWC3q2AKMJt_5XW_l3WNf3m5yhokWIG1bs1eqGvZ7X-a0Dmlg?key=P7tOz7Oj-sy2_YesJAAxkHaI\">    <img loading=\"lazy\" decoding=\"async\" src=\"https:\/\/lh7-rt.googleusercontent.com\/docsz\/AD_4nXeRurCCCNqkxtAKq9UgGxfdYulvjjnXsC-mb88qA1c62D86p25KkHyQ7-SKoTL-0-4eTopXQtvDMx-280yZ1sc2IaxB8-5IVEKRyi4krdR26ds05I8FUW0wlpLjmuK_BvnBHW02Lg?key=P7tOz7Oj-sy2_YesJAAxkHaI\" width=\"283\" height=\"382\"><\/p>\n\n\n\n<p class=\"has-text-align-left\"><\/p>\n\n\n\n<p>A s\u00edlica ativa foi dosada em 5% sobre o peso do cimento, o adesivo em 5 litros para cada saco de cimento e o consumo de cimento da pasta 5,0kg\/m2.<\/p>\n\n\n\n<p>6. Mistura mec\u00e2nica, h\u00e9lice acoplada \u00e0 furadeira el\u00e9trica com baixa rota\u00e7\u00e3o 400 a 500 rpm;<\/p>\n\n\n\n<figure class=\"wp-block-image\"><img decoding=\"async\" src=\"https:\/\/lh7-rt.googleusercontent.com\/docsz\/AD_4nXdSnK1Kng83VE8dyhgkr_mfTlcYAqJ8e4CgJb7YzWFYRiO5dmOpI6w9-C3kvBJfC0uGNn27zWJqLlOYlNddmNcIUplL17UeVc4GJtl6D8GzucDsvoaX5YtBoRujW2w-y4mqwwR_UA?key=P7tOz7Oj-sy2_YesJAAxkHaI\" alt=\"\"\/><\/figure>\n\n\n\n<p>7. Aspecto da superf\u00edcie lixada, antes da aplica\u00e7\u00e3o da pasta de cimento com s\u00edlica e pol\u00edmero;<\/p>\n\n\n\n<figure class=\"wp-block-image\"><img decoding=\"async\" src=\"https:\/\/lh7-rt.googleusercontent.com\/docsz\/AD_4nXdu7gf0sWPiJTbtsK-fiOMIK4WfCq62AI-C6wkASnoevxgAjGG8IzA4ZDQc1nCXKUiEUkcUglL8yrb0no2kUe_IT6FAqJbFiC1GijID-hv6FrQH5XilmX0CL1NvwTJ2AB1JCpPfvA?key=P7tOz7Oj-sy2_YesJAAxkHaI\" alt=\"\"\/><\/figure>\n\n\n\n<p>8. Aplica\u00e7\u00e3o com desempenadeira met\u00e1lica em movimento pendular, sem formar espessura, corte rente, colmatando os poros e recuperando a textura superficial do concreto, garantindo uma superf\u00edcie uniforme, lisa e resistente \u00e0 abras\u00e3o;<\/p>\n\n\n\n<p class=\"has-text-align-left\"><img loading=\"lazy\" decoding=\"async\" width=\"299\" height=\"410\" src=\"https:\/\/lh7-rt.googleusercontent.com\/docsz\/AD_4nXc6HL2J66yZGTuSeSPse-CanIaZ1igMuNajNQMx8SuFaMKHVmYfLXHn1Bzxxlelx-JXMhLucd2S2pST6U2nYuc8zhoWGI4XIYUPPf8zR1fyfoVV1vtlH1dC2lHJZ8ztMG17irqk?key=P7tOz7Oj-sy2_YesJAAxkHaI\">    <img loading=\"lazy\" decoding=\"async\" width=\"280\" height=\"408\" src=\"https:\/\/lh7-rt.googleusercontent.com\/docsz\/AD_4nXcoc3iBXIpWCXs1EjdZ9m2I5FTVdIngd8OZVQYZPt2r02ZQWqnQdkF85YwjO1Ob8dO1sdVOtK0A83-qIgk4pAsw6bptvdYn2cAidSdL1qVOLx-fmjjjo_Ap-aaC6NCfk8pYjh9lNA?key=P7tOz7Oj-sy2_YesJAAxkHaI\"><\/p>\n\n\n\n<p class=\"has-text-align-left\"><img loading=\"lazy\" decoding=\"async\" src=\"https:\/\/lh7-rt.googleusercontent.com\/docsz\/AD_4nXegjVgI_opAHysHUZaidbcAKus9YjJcAIJ-tNpxBB_XvgqUpeclAO85yKEE6qaLuR-Y-E5uYLHdfjwyfP4wHtHsEFdZ166jtl_5172i2-pXMBLG_uj_Gk_pAyE4qls8lOkX-WTF5g?key=P7tOz7Oj-sy2_YesJAAxkHaI\" width=\"558\" height=\"334\"><\/p>\n\n\n\n<p>9. O procedimento de cura \u00famida, estendendo-se sobre as \u00e1reas reparadas, com uma manta geot\u00eaxtil e mantido constantemente saturado com \u00e1gua limpa por per\u00edodo m\u00ednimo de 24 horas.<\/p>\n\n\n<div class=\"wp-block-image\">\n<figure class=\"aligncenter\"><img decoding=\"async\" src=\"https:\/\/lh7-rt.googleusercontent.com\/docsz\/AD_4nXfQqahcHbFL7F0HVXhyHXk2JJvEAXzzjbJ6zH0UB9ylZfBHYT4ApmjDF9SmkPDfxZQsdRBcBYVrIf8xAa2zKbK_BZtpOw25fNQr9BcMIGLLvpSykDOrRPN461cSG3Al72HlhpyNcw?key=P7tOz7Oj-sy2_YesJAAxkHaI\" alt=\"\"\/><\/figure><\/div>\n\n\n<p>10. Aplica\u00e7\u00e3o do endurecedor de superf\u00edcie e ap\u00f3s finaliza\u00e7\u00e3o do processo e libera\u00e7\u00e3o da \u00e1rea para as opera\u00e7\u00f5es de movimenta\u00e7\u00e3o de carga no galp\u00e3o, ap\u00f3s 24 depois de aplicado o endurecedor de superf\u00edcie.<\/p>\n\n\n\n<figure class=\"wp-block-image\"><img decoding=\"async\" src=\"https:\/\/lh7-rt.googleusercontent.com\/docsz\/AD_4nXezs-6i9EnIQBVGVkGKAnwHjy067Ey3s_joSWmmNd34Ca7Esv0CDc4bJ7zp0ARNkiJaj3q4v4zs8nNiwtNOyWtklblAUchTIby5qUROwCs4ISXdwxSgOhjVs5EOISfUpsreeak7cg?key=P7tOz7Oj-sy2_YesJAAxkHaI\" alt=\"\"\/><\/figure>\n\n\n\n<h3 class=\"wp-block-heading\"><strong>Benef\u00edcios da recupera\u00e7\u00e3o de pisos de concreto<\/strong><\/h3>\n\n\n\n<ul class=\"wp-block-list\">\n<li><strong>Maior resist\u00eancia \u00e0 abras\u00e3o:<\/strong>\u00a0o endurecimento qu\u00edmico aumentou a durabilidade da superf\u00edcie;<\/li>\n\n\n\n<li><strong>Redu\u00e7\u00e3o de poeira:<\/strong>\u00a0o selamento anti-p\u00f3 eliminou um dos maiores problemas do ambiente;<\/li>\n\n\n\n<li><strong>Execu\u00e7\u00e3o r\u00e1pida e eficiente:<\/strong>\u00a0o projeto foi realizado com m\u00ednima interfer\u00eancia nas opera\u00e7\u00f5es;<\/li>\n\n\n\n<li><strong>Sustentabilidade:<\/strong>\u00a0sem demoli\u00e7\u00f5es e com baixo descarte de res\u00edduos, o impacto ambiental foi reduzido.<\/li>\n<\/ul>\n\n\n\n<h2 class=\"wp-block-heading\">Por que investir na recupera\u00e7\u00e3o de pisos de concreto?<\/h2>\n\n\n\n<p>A recupera\u00e7\u00e3o de pisos de concreto \u00e9 uma solu\u00e7\u00e3o pr\u00e1tica e econ\u00f4mica para restaurar \u00e1reas desgastadas. Al\u00e9m de prolongar a vida \u00fatil da superf\u00edcie, evita custos elevados com substitui\u00e7\u00f5es completas e reduz o impacto ambiental.<\/p>\n\n\n\n<p><strong>Se voc\u00ea est\u00e1 enfrentando problemas de desgaste em pisos de concreto, fale conosco!<\/strong><\/p>\n\n\n\n<p>Na Diprotec, nossa consultoria t\u00e9cnica especializada vai al\u00e9m da recupera\u00e7\u00e3o de pisos desgastados. Oferecemos solu\u00e7\u00f5es completas e personalizadas para diversas necessidades na constru\u00e7\u00e3o civil e infraestrutura.<\/p>\n\n\n\n<p>Contamos com materiais de \u00faltima gera\u00e7\u00e3o e expertise em todas as etapas do seu projeto, sempre buscando os melhores resultados para obras de diferentes portes, sejam elas residenciais, comerciais ou industriais.<\/p>\n\n\n\n<p><strong>Entre em contato e descubra como podemos transformar o seu projeto com tecnologia de ponta e atendimento especializado!<\/strong><\/p>\n\n\n\n\t<div class=\"dkpdf-button-container\" style=\" text-align:right \">\n\n\t\t<a class=\"dkpdf-button\" href=\"\/blog\/wp-json\/wp\/v2\/posts\/1213?pdf=1213\" target=\"_blank\"><span class=\"dkpdf-button-icon\"><i class=\"fa fa-file-pdf-o\"><\/i><\/span> Fa\u00e7a o download em PDF<\/a>\n\n\t<\/div>\n\n\n\n\n\n","protected":false},"excerpt":{"rendered":"<p>Os pisos de concreto s\u00e3o amplamente utilizados em ambientes industriais e comerciais devido \u00e0 sua resist\u00eancia e durabilidade. No entanto, o tr\u00e2nsito intenso de m\u00e1quinas como empilhadeiras e paleteiras pode causar desgaste significativo, expondo o agregado gra\u00fado e gerando poeira que interfere na seguran\u00e7a e funcionalidade do local. Neste case, apresentamos uma solu\u00e7\u00e3o t\u00e9cnica para [&hellip;]<\/p>\n","protected":false},"author":1,"featured_media":1215,"comment_status":"open","ping_status":"closed","sticky":false,"template":"","format":"standard","meta":{"footnotes":""},"categories":[70],"tags":[],"class_list":["post-1213","post","type-post","status-publish","format-standard","has-post-thumbnail","hentry","category-cases"],"_links":{"self":[{"href":"https:\/\/diprotec.com.br\/blog\/wp-json\/wp\/v2\/posts\/1213"}],"collection":[{"href":"https:\/\/diprotec.com.br\/blog\/wp-json\/wp\/v2\/posts"}],"about":[{"href":"https:\/\/diprotec.com.br\/blog\/wp-json\/wp\/v2\/types\/post"}],"author":[{"embeddable":true,"href":"https:\/\/diprotec.com.br\/blog\/wp-json\/wp\/v2\/users\/1"}],"replies":[{"embeddable":true,"href":"https:\/\/diprotec.com.br\/blog\/wp-json\/wp\/v2\/comments?post=1213"}],"version-history":[{"count":3,"href":"https:\/\/diprotec.com.br\/blog\/wp-json\/wp\/v2\/posts\/1213\/revisions"}],"predecessor-version":[{"id":1217,"href":"https:\/\/diprotec.com.br\/blog\/wp-json\/wp\/v2\/posts\/1213\/revisions\/1217"}],"wp:featuredmedia":[{"embeddable":true,"href":"https:\/\/diprotec.com.br\/blog\/wp-json\/wp\/v2\/media\/1215"}],"wp:attachment":[{"href":"https:\/\/diprotec.com.br\/blog\/wp-json\/wp\/v2\/media?parent=1213"}],"wp:term":[{"taxonomy":"category","embeddable":true,"href":"https:\/\/diprotec.com.br\/blog\/wp-json\/wp\/v2\/categories?post=1213"},{"taxonomy":"post_tag","embeddable":true,"href":"https:\/\/diprotec.com.br\/blog\/wp-json\/wp\/v2\/tags?post=1213"}],"curies":[{"name":"wp","href":"https:\/\/api.w.org\/{rel}","templated":true}]}}