{"id":1133,"date":"2024-09-03T14:39:54","date_gmt":"2024-09-03T17:39:54","guid":{"rendered":"https:\/\/diprotec.com.br\/blog\/?p=1133"},"modified":"2024-09-27T11:57:39","modified_gmt":"2024-09-27T14:57:39","slug":"case-tratamento-de-concreto-aparente","status":"publish","type":"post","link":"https:\/\/diprotec.com.br\/blog\/case-tratamento-de-concreto-aparente\/","title":{"rendered":"Case: tratamento de concreto aparente"},"content":{"rendered":"\n<p>O tratamento de concreto aparente \u00e9 um processo que visa proteger e melhorar a apar\u00eancia das superf\u00edcies de concreto que ficar\u00e3o expostas, sem revestimento adicional, como em fachadas, paredes internas, pisos ou outras estruturas. O objetivo \u00e9 garantir que o concreto aparente mantenha sua integridade, durabilidade e est\u00e9tica ao longo do tempo.<\/p>\n\n\n\n<p><strong>Para que serve o tratamento de concreto aparente?<\/strong><\/p>\n\n\n\n<p><strong>Limpeza:<\/strong>&nbsp;remove res\u00edduos de desmoldantes, poeira, sujeira e outros contaminantes que possam estar presentes na superf\u00edcie do concreto ap\u00f3s a desforma.<\/p>\n\n\n\n<p><strong>Corre\u00e7\u00e3o de imperfei\u00e7\u00f5es:<\/strong>&nbsp;envolve o preenchimento de buracos, fissuras, bolhas e outras irregularidades para obter uma superf\u00edcie mais uniforme.<\/p>\n\n\n\n<p><strong>Aplica\u00e7\u00e3o de selantes ou vernizes:<\/strong>&nbsp;esses produtos criam uma camada protetora contra agentes externos, como \u00e1gua, \u00f3leo, poeira e poluentes. Al\u00e9m disso, podem proporcionar um acabamento mate ou brilhante, dependendo da prefer\u00eancia est\u00e9tica.<\/p>\n\n\n\n<p><strong>Prote\u00e7\u00e3o contra umidade:<\/strong>&nbsp;o concreto \u00e9 naturalmente poroso, ent\u00e3o a aplica\u00e7\u00e3o de hidrofugantes ajuda a evitar a penetra\u00e7\u00e3o de \u00e1gua, prevenindo manchas e o aparecimento de fungos ou bolores.<\/p>\n\n\n\n<h2 class=\"wp-block-heading\">O case<\/h2>\n\n\n\n<p><strong>Local &#8211;&nbsp;<\/strong>Ind\u00fastria Aliment\u00edcia em Piracicaba &#8211; S\u00e3o Paulo<\/p>\n\n\n\n<p><strong>Caracter\u00edsticas gerais &#8211;&nbsp;<\/strong>amplia\u00e7\u00e3o de uma unidade industrial do setor aliment\u00edcio, executada em concreto armado convencional que deveria apresentar acabamento de concreto aparente com aspecto uniforme.<\/p>\n\n\n\n<p><strong>\u00c1rea executada &#8211;&nbsp;<\/strong>600m2<\/p>\n\n\n\n<p><strong>Procedimentos &#8211;&nbsp;<\/strong>o primeiro passo foi utilizar um verniz acr\u00edlico para impermeabilizar sem alterar a cor do tratamento executado. O verniz \u00e9 essencial para formar uma pel\u00edcula que evita manchas, efloresc\u00eancias e envelhecimentos de fachadas e proporcionando maior durabilidade a maresia, gases atmosf\u00e9ricos, chuvas, raios ultravioletas e fotodecomposi\u00e7\u00e3o. Ap\u00f3s isso, o trabalho executado consistiu na execu\u00e7\u00e3o de revestimento de concreto espec\u00edfico para estucagem de concretos aparentes, alisamento de superf\u00edcies rugosas e reparos superficiais em pe\u00e7as pr\u00e9 moldadas.<\/p>\n\n\n\n<p>Ap\u00f3s a conclus\u00e3o do tratamento de concreto aparente na unidade industrial de Piracicaba, os resultados s\u00e3o not\u00e1veis, vis\u00edveis nas fotos. A superf\u00edcie de 600m\u00b2 de concreto aparente apresentou um acabamento uniforme, com uma est\u00e9tica limpa e sofisticada, exatamente como planejado. O verniz acr\u00edlico aplicado garantiu n\u00e3o apenas a prote\u00e7\u00e3o contra os elementos, mas tamb\u00e9m preservou a cor natural do concreto, mantendo a integridade visual do projeto.<\/p>\n\n\n\n<div class=\"wp-block-columns is-layout-flex wp-container-core-columns-is-layout-1 wp-block-columns-is-layout-flex\">\n<div class=\"wp-block-column is-layout-flow wp-block-column-is-layout-flow\">\n<figure class=\"wp-block-image size-full is-resized\"><img loading=\"lazy\" decoding=\"async\" width=\"239\" height=\"156\" src=\"https:\/\/diprotec.com.br\/blog\/wp-content\/uploads\/2024\/09\/case-1-1.png\" alt=\"\" class=\"wp-image-1153\" style=\"width:380px;height:auto\"\/><figcaption class=\"wp-element-caption\">1. Aspecto do concreto da platibanda<br>ap\u00f3s desenformado<\/figcaption><\/figure>\n<\/div>\n\n\n\n<div class=\"wp-block-column is-layout-flow wp-block-column-is-layout-flow\">\n<figure class=\"wp-block-image size-full is-resized\"><img loading=\"lazy\" decoding=\"async\" width=\"236\" height=\"158\" src=\"https:\/\/diprotec.com.br\/blog\/wp-content\/uploads\/2024\/09\/case-2-1.png\" alt=\"\" class=\"wp-image-1155\" style=\"width:363px;height:auto\"\/><figcaption class=\"wp-element-caption\">2. Detalhe de ninhos de concreto e<br>desnivelamento de f\u00f4rma ocorridos na<br>concretagem<\/figcaption><\/figure>\n<\/div>\n<\/div>\n\n\n\n<div class=\"wp-block-columns is-layout-flex wp-container-core-columns-is-layout-4 wp-block-columns-is-layout-flex\">\n<div class=\"wp-block-column is-layout-flow wp-block-column-is-layout-flow\">\n<div class=\"wp-block-columns is-layout-flex wp-container-core-columns-is-layout-3 wp-block-columns-is-layout-flex\">\n<div class=\"wp-block-column is-layout-flow wp-block-column-is-layout-flow\">\n<div class=\"wp-block-columns is-layout-flex wp-container-core-columns-is-layout-2 wp-block-columns-is-layout-flex\">\n<div class=\"wp-block-column is-layout-flow wp-block-column-is-layout-flow\">\n<figure class=\"wp-block-image size-full is-resized\"><img loading=\"lazy\" decoding=\"async\" width=\"235\" height=\"154\" src=\"http:\/\/diprotec.com.br\/blog\/wp-content\/uploads\/2024\/09\/case-3-1.png\" alt=\"3. Aspecto do concreto das colunas\nap\u00f3s desenformado\" class=\"wp-image-1151\" style=\"width:378px;height:auto\"\/><figcaption class=\"wp-element-caption\">3. Aspecto do concreto das colunas<br>ap\u00f3s desenformado<\/figcaption><\/figure>\n<\/div>\n\n\n\n<div class=\"wp-block-column is-layout-flow wp-block-column-is-layout-flow\">\n<figure class=\"wp-block-image size-full is-resized\"><img loading=\"lazy\" decoding=\"async\" width=\"239\" height=\"153\" src=\"http:\/\/diprotec.com.br\/blog\/wp-content\/uploads\/2024\/09\/case-4.png\" alt=\"4. Preparo de superf\u00edcie das colunas com\nlixamento e limpeza\" class=\"wp-image-1152\" style=\"width:394px;height:auto\"\/><figcaption class=\"wp-element-caption\">4. Preparo de superf\u00edcie das colunas com<br>lixamento e limpeza<\/figcaption><\/figure>\n<\/div>\n<\/div>\n<\/div>\n<\/div>\n<\/div>\n<\/div>\n\n\n\n<div class=\"wp-block-columns is-layout-flex wp-container-core-columns-is-layout-5 wp-block-columns-is-layout-flex\">\n<div class=\"wp-block-column is-layout-flow wp-block-column-is-layout-flow\">\n<figure class=\"wp-block-image size-full is-resized\"><img loading=\"lazy\" decoding=\"async\" width=\"235\" height=\"158\" src=\"http:\/\/diprotec.com.br\/blog\/wp-content\/uploads\/2024\/09\/case-5-1.png\" alt=\"5. Revestimento das colunas \" class=\"wp-image-1156\" style=\"width:378px;height:auto\"\/><figcaption class=\"wp-element-caption\">5. Revestimento das colunas<\/figcaption><\/figure>\n<\/div>\n\n\n\n<div class=\"wp-block-column is-layout-flow wp-block-column-is-layout-flow\">\n<figure class=\"wp-block-image size-full is-resized\"><img loading=\"lazy\" decoding=\"async\" width=\"238\" height=\"157\" src=\"http:\/\/diprotec.com.br\/blog\/wp-content\/uploads\/2024\/09\/case-6.png\" alt=\"6. Preparo de superf\u00edcie das platibandas com\npreenchimento e nivelamento\" class=\"wp-image-1157\" style=\"width:399px;height:auto\"\/><figcaption class=\"wp-element-caption\">6. Preparo de superf\u00edcie das platibandas com<br>preenchimento e nivelamento<\/figcaption><\/figure>\n<\/div>\n<\/div>\n\n\n\n<p>Pensando em realizar esse tipo de obra por a\u00ed tamb\u00e9m? Fale com a gente.<\/p>\n\n\n\n<p>N\u00e3o deixe de conferir outros cases:<\/p>\n\n\n\n<p><a href=\"https:\/\/diprotec.com.br\/blog\/case-transformacao-em-condominio-residencial-de-curitiba\/\" data-type=\"link\" data-id=\"https:\/\/diprotec.com.br\/blog\/case-transformacao-em-condominio-residencial-de-curitiba\/\">Transforma\u00e7\u00e3o em condom\u00ednio residencial de Curitiba<\/a><\/p>\n\n\n\n<p><a href=\"https:\/\/diprotec.com.br\/blog\/construcao-com-piso-de-concreto-desafios-e-solucoes\/\" rel=\"noreferrer noopener\" target=\"_blank\">Constru\u00e7\u00e3o com piso de concreto: desafios e solu\u00e7\u00f5es<\/a><\/p>\n\n\n\n\t<div class=\"dkpdf-button-container\" style=\" text-align:right \">\n\n\t\t<a class=\"dkpdf-button\" href=\"\/blog\/wp-json\/wp\/v2\/posts\/1133?pdf=1133\" target=\"_blank\"><span class=\"dkpdf-button-icon\"><i class=\"fa fa-file-pdf-o\"><\/i><\/span> Fa\u00e7a o download em PDF<\/a>\n\n\t<\/div>\n\n\n\n\n\n","protected":false},"excerpt":{"rendered":"<p>O tratamento de concreto aparente \u00e9 um processo que visa proteger e melhorar a apar\u00eancia das superf\u00edcies de concreto que ficar\u00e3o expostas, sem revestimento adicional, como em fachadas, paredes internas, pisos ou outras estruturas. O objetivo \u00e9 garantir que o concreto aparente mantenha sua integridade, durabilidade e est\u00e9tica ao longo do tempo. Para que serve [&hellip;]<\/p>\n","protected":false},"author":1,"featured_media":1134,"comment_status":"open","ping_status":"closed","sticky":false,"template":"","format":"standard","meta":{"footnotes":""},"categories":[114,70,33,116],"tags":[38,30,42,39,22,41],"class_list":["post-1133","post","type-post","status-publish","format-standard","has-post-thumbnail","hentry","category-acabamentos","category-cases","category-construcao-civil-geral","category-estruturas","tag-blog","tag-cases","tag-concreto","tag-construcao-civil","tag-diprotec","tag-obras"],"_links":{"self":[{"href":"https:\/\/diprotec.com.br\/blog\/wp-json\/wp\/v2\/posts\/1133"}],"collection":[{"href":"https:\/\/diprotec.com.br\/blog\/wp-json\/wp\/v2\/posts"}],"about":[{"href":"https:\/\/diprotec.com.br\/blog\/wp-json\/wp\/v2\/types\/post"}],"author":[{"embeddable":true,"href":"https:\/\/diprotec.com.br\/blog\/wp-json\/wp\/v2\/users\/1"}],"replies":[{"embeddable":true,"href":"https:\/\/diprotec.com.br\/blog\/wp-json\/wp\/v2\/comments?post=1133"}],"version-history":[{"count":6,"href":"https:\/\/diprotec.com.br\/blog\/wp-json\/wp\/v2\/posts\/1133\/revisions"}],"predecessor-version":[{"id":1162,"href":"https:\/\/diprotec.com.br\/blog\/wp-json\/wp\/v2\/posts\/1133\/revisions\/1162"}],"wp:featuredmedia":[{"embeddable":true,"href":"https:\/\/diprotec.com.br\/blog\/wp-json\/wp\/v2\/media\/1134"}],"wp:attachment":[{"href":"https:\/\/diprotec.com.br\/blog\/wp-json\/wp\/v2\/media?parent=1133"}],"wp:term":[{"taxonomy":"category","embeddable":true,"href":"https:\/\/diprotec.com.br\/blog\/wp-json\/wp\/v2\/categories?post=1133"},{"taxonomy":"post_tag","embeddable":true,"href":"https:\/\/diprotec.com.br\/blog\/wp-json\/wp\/v2\/tags?post=1133"}],"curies":[{"name":"wp","href":"https:\/\/api.w.org\/{rel}","templated":true}]}}